{"id":1036,"date":"2017-09-29T16:15:12","date_gmt":"2017-09-29T14:15:12","guid":{"rendered":"http:\/\/blog-enrouelibre.fr\/?p=1036"},"modified":"2017-09-29T16:23:51","modified_gmt":"2017-09-29T14:23:51","slug":"detour-par-paris-avec-la-sncf-fin-de-lhistoire","status":"publish","type":"post","link":"https:\/\/blog-enrouelibre.fr\/?p=1036","title":{"rendered":"D\u00e9tour par Paris avec la SNCF : fin de l&rsquo;histoire"},"content":{"rendered":"<p>Bonjour<\/p>\n<p>D\u00e9but ao\u00fbt, <a href=\"https:\/\/blog-enrouelibre.fr\/?p=950\">une p\u00e9rip\u00e9tie<\/a> que j&rsquo;ai v\u00e9cu avec la SNCF a fait l&rsquo;objet d&rsquo;un buzz m\u00e9diatique et d&rsquo;une lettre de r\u00e9clamation. Plus d&rsquo;un mois et demi plus tard, la SNCF a r\u00e9pondu \u00e0 ma demande d&rsquo;indemnisation. Vous avez \u00e9t\u00e9 nombreux \u00e0 r\u00e9agir \u00e0 ma m\u00e9saventure donc je partage avec vous la r\u00e9ponse&#8230;<img loading=\"lazy\" decoding=\"async\" class=\"aligncenter size-large wp-image-1037\" src=\"https:\/\/blog-enrouelibre.fr\/wp-content\/uploads\/2017\/09\/sncf_reponsemodif-745x1024.jpg\" alt=\"\" width=\"640\" height=\"880\" srcset=\"https:\/\/blog-enrouelibre.fr\/wp-content\/uploads\/2017\/09\/sncf_reponsemodif-745x1024.jpg?v=1723622730 745w, https:\/\/blog-enrouelibre.fr\/wp-content\/uploads\/2017\/09\/sncf_reponsemodif-218x300.jpg?v=1723622730 218w, https:\/\/blog-enrouelibre.fr\/wp-content\/uploads\/2017\/09\/sncf_reponsemodif-768x1056.jpg?v=1723622730 768w, https:\/\/blog-enrouelibre.fr\/wp-content\/uploads\/2017\/09\/sncf_reponsemodif.jpg?v=1723622730 1700w\" sizes=\"(max-width: 640px) 100vw, 640px\" \/><\/p>\n<p style=\"text-align: center;\">Le point positif est qu&rsquo;un bug informatique a \u00e9t\u00e9 rep\u00e9r\u00e9&#8230;<br \/>\nFin de l&rsquo;histoire<\/p>\n\n<!-- Facebook Like Button v1.9.6 BEGIN [http:\/\/blog.bottomlessinc.com] -->\n<iframe src=\"http:\/\/www.facebook.com\/plugins\/like.php?href=https%3A%2F%2Fblog-enrouelibre.fr%2F%3Fp%3D1036&amp;layout=standard&amp;show_faces=false&amp;width=450&amp;action=like&amp;colorscheme=light\" scrolling=\"no\" frameborder=\"0\" allowTransparency=\"true\" style=\"border:none; overflow:hidden; width:450px; height: 30px; align: left; margin: 2px 0px 2px 0px\"><\/iframe>\n<!-- Facebook Like Button END -->\n","protected":false},"excerpt":{"rendered":"<p>Bonjour D\u00e9but ao\u00fbt, une p\u00e9rip\u00e9tie que j&rsquo;ai v\u00e9cu avec la SNCF a fait l&rsquo;objet d&rsquo;un buzz m\u00e9diatique et d&rsquo;une lettre de r\u00e9clamation. Plus d&rsquo;un mois et demi plus tard, la SNCF a r\u00e9pondu \u00e0 ma demande d&rsquo;indemnisation. Vous avez \u00e9t\u00e9 &hellip; <a href=\"https:\/\/blog-enrouelibre.fr\/?p=1036\">Continuer la lecture <span class=\"meta-nav\">&rarr;<\/span><\/a><\/p>\n","protected":false},"author":1,"featured_media":0,"comment_status":"open","ping_status":"open","sticky":false,"template":"","format":"standard","meta":{"_exactmetrics_skip_tracking":false,"_exactmetrics_sitenote_active":false,"_exactmetrics_sitenote_note":"","_exactmetrics_sitenote_category":0,"_uf_show_specific_survey":0,"_uf_disable_surveys":false,"footnotes":""},"categories":[18],"tags":[],"aioseo_notices":[],"yoast_head":"<!-- This site is optimized with the Yoast SEO plugin v22.7 - https:\/\/yoast.com\/wordpress\/plugins\/seo\/ -->\n<title>D\u00e9tour par Paris avec la SNCF : fin de l&#039;histoire -<\/title>\n<meta name=\"robots\" content=\"index, follow, max-snippet:-1, max-image-preview:large, max-video-preview:-1\" \/>\n<link rel=\"canonical\" href=\"https:\/\/blog-enrouelibre.fr\/?p=1036\" \/>\n<meta property=\"og:locale\" content=\"fr_FR\" \/>\n<meta property=\"og:type\" content=\"article\" \/>\n<meta property=\"og:title\" content=\"D\u00e9tour par Paris avec la SNCF : fin de l&#039;histoire -\" \/>\n<meta property=\"og:description\" content=\"Bonjour D\u00e9but ao\u00fbt, une p\u00e9rip\u00e9tie que j&rsquo;ai v\u00e9cu avec la SNCF a fait l&rsquo;objet d&rsquo;un buzz m\u00e9diatique et d&rsquo;une lettre de r\u00e9clamation. Plus d&rsquo;un mois et demi plus tard, la SNCF a r\u00e9pondu \u00e0 ma demande d&rsquo;indemnisation. Vous avez \u00e9t\u00e9 &hellip; Continuer la lecture &rarr;\" \/>\n<meta property=\"og:url\" content=\"https:\/\/blog-enrouelibre.fr\/?p=1036\" \/>\n<meta property=\"article:published_time\" content=\"2017-09-29T14:15:12+00:00\" \/>\n<meta property=\"article:modified_time\" content=\"2017-09-29T14:23:51+00:00\" \/>\n<meta property=\"og:image\" content=\"http:\/\/blog-enrouelibre.fr\/wp-content\/uploads\/2017\/09\/sncf_reponsemodif-745x1024.jpg\" \/>\n<meta name=\"author\" content=\"Emmanuelle\" \/>\n<meta name=\"twitter:card\" content=\"summary_large_image\" \/>\n<meta name=\"twitter:label1\" content=\"\u00c9crit par\" \/>\n\t<meta name=\"twitter:data1\" content=\"Emmanuelle\" \/>\n<script type=\"application\/ld+json\" class=\"yoast-schema-graph\">{\"@context\":\"https:\/\/schema.org\",\"@graph\":[{\"@type\":\"WebPage\",\"@id\":\"https:\/\/blog-enrouelibre.fr\/?p=1036\",\"url\":\"https:\/\/blog-enrouelibre.fr\/?p=1036\",\"name\":\"D\u00e9tour par Paris avec la SNCF : fin de l'histoire -\",\"isPartOf\":{\"@id\":\"http:\/\/blog-enrouelibre.fr\/#website\"},\"primaryImageOfPage\":{\"@id\":\"https:\/\/blog-enrouelibre.fr\/?p=1036#primaryimage\"},\"image\":{\"@id\":\"https:\/\/blog-enrouelibre.fr\/?p=1036#primaryimage\"},\"thumbnailUrl\":\"http:\/\/blog-enrouelibre.fr\/wp-content\/uploads\/2017\/09\/sncf_reponsemodif-745x1024.jpg\",\"datePublished\":\"2017-09-29T14:15:12+00:00\",\"dateModified\":\"2017-09-29T14:23:51+00:00\",\"author\":{\"@id\":\"http:\/\/blog-enrouelibre.fr\/#\/schema\/person\/479c0558757f99ea166004eb4a192e88\"},\"breadcrumb\":{\"@id\":\"https:\/\/blog-enrouelibre.fr\/?p=1036#breadcrumb\"},\"inLanguage\":\"fr-FR\",\"potentialAction\":[{\"@type\":\"ReadAction\",\"target\":[\"https:\/\/blog-enrouelibre.fr\/?p=1036\"]}]},{\"@type\":\"ImageObject\",\"inLanguage\":\"fr-FR\",\"@id\":\"https:\/\/blog-enrouelibre.fr\/?p=1036#primaryimage\",\"url\":\"http:\/\/blog-enrouelibre.fr\/wp-content\/uploads\/2017\/09\/sncf_reponsemodif-745x1024.jpg\",\"contentUrl\":\"http:\/\/blog-enrouelibre.fr\/wp-content\/uploads\/2017\/09\/sncf_reponsemodif-745x1024.jpg\"},{\"@type\":\"BreadcrumbList\",\"@id\":\"https:\/\/blog-enrouelibre.fr\/?p=1036#breadcrumb\",\"itemListElement\":[{\"@type\":\"ListItem\",\"position\":1,\"name\":\"Accueil\",\"item\":\"http:\/\/blog-enrouelibre.fr\/\"},{\"@type\":\"ListItem\",\"position\":2,\"name\":\"D\u00e9tour par Paris avec la SNCF : fin de l&rsquo;histoire\"}]},{\"@type\":\"WebSite\",\"@id\":\"http:\/\/blog-enrouelibre.fr\/#website\",\"url\":\"http:\/\/blog-enrouelibre.fr\/\",\"name\":\"\",\"description\":\"\",\"potentialAction\":[{\"@type\":\"SearchAction\",\"target\":{\"@type\":\"EntryPoint\",\"urlTemplate\":\"http:\/\/blog-enrouelibre.fr\/?s={search_term_string}\"},\"query-input\":\"required name=search_term_string\"}],\"inLanguage\":\"fr-FR\"},{\"@type\":\"Person\",\"@id\":\"http:\/\/blog-enrouelibre.fr\/#\/schema\/person\/479c0558757f99ea166004eb4a192e88\",\"name\":\"Emmanuelle\",\"image\":{\"@type\":\"ImageObject\",\"inLanguage\":\"fr-FR\",\"@id\":\"http:\/\/blog-enrouelibre.fr\/#\/schema\/person\/image\/\",\"url\":\"https:\/\/secure.gravatar.com\/avatar\/d0126598ce98342c32226c69e696e3fa?s=96&d=mm&r=g\",\"contentUrl\":\"https:\/\/secure.gravatar.com\/avatar\/d0126598ce98342c32226c69e696e3fa?s=96&d=mm&r=g\",\"caption\":\"Emmanuelle\"},\"url\":\"https:\/\/blog-enrouelibre.fr\/?author=1\"}]}<\/script>\n<!-- \/ Yoast SEO plugin. -->","yoast_head_json":{"title":"D\u00e9tour par Paris avec la SNCF : fin de l'histoire -","robots":{"index":"index","follow":"follow","max-snippet":"max-snippet:-1","max-image-preview":"max-image-preview:large","max-video-preview":"max-video-preview:-1"},"canonical":"https:\/\/blog-enrouelibre.fr\/?p=1036","og_locale":"fr_FR","og_type":"article","og_title":"D\u00e9tour par Paris avec la SNCF : fin de l'histoire -","og_description":"Bonjour D\u00e9but ao\u00fbt, une p\u00e9rip\u00e9tie que j&rsquo;ai v\u00e9cu avec la SNCF a fait l&rsquo;objet d&rsquo;un buzz m\u00e9diatique et d&rsquo;une lettre de r\u00e9clamation. Plus d&rsquo;un mois et demi plus tard, la SNCF a r\u00e9pondu \u00e0 ma demande d&rsquo;indemnisation. Vous avez \u00e9t\u00e9 &hellip; Continuer la lecture &rarr;","og_url":"https:\/\/blog-enrouelibre.fr\/?p=1036","article_published_time":"2017-09-29T14:15:12+00:00","article_modified_time":"2017-09-29T14:23:51+00:00","og_image":[{"url":"http:\/\/blog-enrouelibre.fr\/wp-content\/uploads\/2017\/09\/sncf_reponsemodif-745x1024.jpg"}],"author":"Emmanuelle","twitter_card":"summary_large_image","twitter_misc":{"\u00c9crit par":"Emmanuelle"},"schema":{"@context":"https:\/\/schema.org","@graph":[{"@type":"WebPage","@id":"https:\/\/blog-enrouelibre.fr\/?p=1036","url":"https:\/\/blog-enrouelibre.fr\/?p=1036","name":"D\u00e9tour par Paris avec la SNCF : fin de l'histoire -","isPartOf":{"@id":"http:\/\/blog-enrouelibre.fr\/#website"},"primaryImageOfPage":{"@id":"https:\/\/blog-enrouelibre.fr\/?p=1036#primaryimage"},"image":{"@id":"https:\/\/blog-enrouelibre.fr\/?p=1036#primaryimage"},"thumbnailUrl":"http:\/\/blog-enrouelibre.fr\/wp-content\/uploads\/2017\/09\/sncf_reponsemodif-745x1024.jpg","datePublished":"2017-09-29T14:15:12+00:00","dateModified":"2017-09-29T14:23:51+00:00","author":{"@id":"http:\/\/blog-enrouelibre.fr\/#\/schema\/person\/479c0558757f99ea166004eb4a192e88"},"breadcrumb":{"@id":"https:\/\/blog-enrouelibre.fr\/?p=1036#breadcrumb"},"inLanguage":"fr-FR","potentialAction":[{"@type":"ReadAction","target":["https:\/\/blog-enrouelibre.fr\/?p=1036"]}]},{"@type":"ImageObject","inLanguage":"fr-FR","@id":"https:\/\/blog-enrouelibre.fr\/?p=1036#primaryimage","url":"http:\/\/blog-enrouelibre.fr\/wp-content\/uploads\/2017\/09\/sncf_reponsemodif-745x1024.jpg","contentUrl":"http:\/\/blog-enrouelibre.fr\/wp-content\/uploads\/2017\/09\/sncf_reponsemodif-745x1024.jpg"},{"@type":"BreadcrumbList","@id":"https:\/\/blog-enrouelibre.fr\/?p=1036#breadcrumb","itemListElement":[{"@type":"ListItem","position":1,"name":"Accueil","item":"http:\/\/blog-enrouelibre.fr\/"},{"@type":"ListItem","position":2,"name":"D\u00e9tour par Paris avec la SNCF : fin de l&rsquo;histoire"}]},{"@type":"WebSite","@id":"http:\/\/blog-enrouelibre.fr\/#website","url":"http:\/\/blog-enrouelibre.fr\/","name":"","description":"","potentialAction":[{"@type":"SearchAction","target":{"@type":"EntryPoint","urlTemplate":"http:\/\/blog-enrouelibre.fr\/?s={search_term_string}"},"query-input":"required name=search_term_string"}],"inLanguage":"fr-FR"},{"@type":"Person","@id":"http:\/\/blog-enrouelibre.fr\/#\/schema\/person\/479c0558757f99ea166004eb4a192e88","name":"Emmanuelle","image":{"@type":"ImageObject","inLanguage":"fr-FR","@id":"http:\/\/blog-enrouelibre.fr\/#\/schema\/person\/image\/","url":"https:\/\/secure.gravatar.com\/avatar\/d0126598ce98342c32226c69e696e3fa?s=96&d=mm&r=g","contentUrl":"https:\/\/secure.gravatar.com\/avatar\/d0126598ce98342c32226c69e696e3fa?s=96&d=mm&r=g","caption":"Emmanuelle"},"url":"https:\/\/blog-enrouelibre.fr\/?author=1"}]}},"_links":{"self":[{"href":"https:\/\/blog-enrouelibre.fr\/index.php?rest_route=\/wp\/v2\/posts\/1036"}],"collection":[{"href":"https:\/\/blog-enrouelibre.fr\/index.php?rest_route=\/wp\/v2\/posts"}],"about":[{"href":"https:\/\/blog-enrouelibre.fr\/index.php?rest_route=\/wp\/v2\/types\/post"}],"author":[{"embeddable":true,"href":"https:\/\/blog-enrouelibre.fr\/index.php?rest_route=\/wp\/v2\/users\/1"}],"replies":[{"embeddable":true,"href":"https:\/\/blog-enrouelibre.fr\/index.php?rest_route=%2Fwp%2Fv2%2Fcomments&post=1036"}],"version-history":[{"count":2,"href":"https:\/\/blog-enrouelibre.fr\/index.php?rest_route=\/wp\/v2\/posts\/1036\/revisions"}],"predecessor-version":[{"id":1039,"href":"https:\/\/blog-enrouelibre.fr\/index.php?rest_route=\/wp\/v2\/posts\/1036\/revisions\/1039"}],"wp:attachment":[{"href":"https:\/\/blog-enrouelibre.fr\/index.php?rest_route=%2Fwp%2Fv2%2Fmedia&parent=1036"}],"wp:term":[{"taxonomy":"category","embeddable":true,"href":"https:\/\/blog-enrouelibre.fr\/index.php?rest_route=%2Fwp%2Fv2%2Fcategories&post=1036"},{"taxonomy":"post_tag","embeddable":true,"href":"https:\/\/blog-enrouelibre.fr\/index.php?rest_route=%2Fwp%2Fv2%2Ftags&post=1036"}],"curies":[{"name":"wp","href":"https:\/\/api.w.org\/{rel}","templated":true}]}}