{"id":1150,"date":"2019-02-23T11:40:33","date_gmt":"2019-02-23T09:40:33","guid":{"rendered":"http:\/\/blog-enrouelibre.fr\/?p=1150"},"modified":"2019-02-23T12:08:56","modified_gmt":"2019-02-23T10:08:56","slug":"grand-debat-national-inclusion-et-handicap","status":"publish","type":"post","link":"https:\/\/blog-enrouelibre.fr\/?p=1150","title":{"rendered":"Grand D\u00e9bat National : Inclusion et Handicap"},"content":{"rendered":"<p>Dimanche dernier, K. et moi recevions un message d&rsquo;une copine handi, J. : \u00ab\u00a0Hey les amis, une asso m&rsquo;a dit qu&rsquo;il y avait un d\u00e9bat sur le handicap avec Olivier V\u00e9ran (d\u00e9put\u00e9 de l&rsquo;Is\u00e8re) et Sophie Cluzel (secr\u00e9taire d&rsquo;\u00e9tat en charge des handis), vendredi! La personne de l&rsquo;asso m&rsquo;a dit \u00ab\u00a0je ne t&rsquo;ai rien dit\u00a0\u00bb, ha ha. On y va??\u00a0\u00bb<\/p>\n<p><img loading=\"lazy\" decoding=\"async\" class=\"aligncenter size-full wp-image-1151\" src=\"https:\/\/blog-enrouelibre.fr\/wp-content\/uploads\/2019\/02\/Debat.png\" alt=\"\" width=\"530\" height=\"655\" srcset=\"https:\/\/blog-enrouelibre.fr\/wp-content\/uploads\/2019\/02\/Debat.png?v=1723622671 530w, https:\/\/blog-enrouelibre.fr\/wp-content\/uploads\/2019\/02\/Debat-243x300.png?v=1723622671 243w\" sizes=\"(max-width: 530px) 100vw, 530px\" \/><\/p>\n<p>Ni une, ni deux, on s&rsquo;inscrit \u00e0 ce d\u00e9bat \u00ab\u00a0ouvert \u00e0 tous\u00a0\u00bb mais uniquement diffus\u00e9 au pr\u00e8s des grandes associations. Je n&rsquo;en trouverai aucune trace sur la page facebook du d\u00e9put\u00e9 ou dans les m\u00e9dias jusqu&rsquo;au moment o\u00f9 la billeterie affichera complet, l\u00e0 tout d&rsquo;un coup, on a vu appara\u00eetre l&rsquo;annonce. Un concept du \u00ab\u00a0ouvert \u00e0 tous\u00a0\u00bb un peu bizarre mais soit.<\/p>\n<p>Avec K. et J., on commence \u00e0 un peu discuter sur Messenger mais tr\u00e8s vite nous d\u00e9cidons de nous voir en \u00ab\u00a0vrai\u00a0\u00bb pour pr\u00e9parer un peu. Ainsi, le mercredi soir nous nous r\u00e9unissions chez moi autour de pizzas. Nous n&rsquo;avions aucune illusion, nous savions que ce serait tr\u00e8s dur d&rsquo;avoir la parole au milieu d&rsquo;associations et nous imaginions d\u00e9j\u00e0 un d\u00e9bat tr\u00e8s verrouill\u00e9, quatre tables rondes th\u00e9matiques \u00e9taient annonc\u00e9es sans plus de pr\u00e9cision. Nous avons donc d\u00e9cid\u00e9 de pr\u00e9parer juste trois questions r\u00e9sumant les th\u00e9matiques ch\u00e8res \u00e0 chacun d&rsquo;entre nous :<\/p>\n<blockquote><p>K. : A une \u00e9poque o\u00f9 l\u2019autonomie individuelle est revendiqu\u00e9e, comment justifier la d\u00e9pendance financi\u00e8re vis \u00e0 vis d&rsquo;un conjoint valide notamment pour les personnes en incapacit\u00e9 de travailler?*<\/p>\n<p>J. : Comment en 2017, un \u00e9tablissement scolaire, \u00e9tablissement de centre-ville, tr\u00e8s bien r\u00e9put\u00e9,\u00a0 peut-il refuser un jeune prof handi\u00a0 2 semaines avant la rentr\u00e9e car l\u2019\u00e9tablissement n\u2019est pas accessible, l&rsquo;envoyant dans un coll\u00e8ge REP de banlieue?<\/p>\n<p>Moi : Comment justifier que l\u2019entretien du logement et la cuisine qui sont des bases fondamentales pour la dignit\u00e9 humaine ne sont pas compris dans la pch (prestation de compensation du handicap)?<\/p><\/blockquote>\n<p>Le grand jour arrive, nous nous rendons ensemble \u00e0 la Maison des Associations, lieu du D\u00e9bat. Il y a d\u00e9j\u00e0 beaucoup de monde, les fauteuils sont en nette minorit\u00e9 mais bon, n&rsquo;oublions pas qu&rsquo;il y a les \u00ab\u00a0handicaps invisibles\u00a0\u00bb&#8230;<br \/>\nNous distinguons les 4 tables rondes, nous demandons les th\u00e9matiques : \u00ab\u00a0Loisir\u00a0\u00bb, \u00ab\u00a0Soci\u00e9t\u00e9\u00a0\u00bb, \u00ab\u00a0Ecole\u00a0\u00bb, \u00ab\u00a0Travail\u00a0\u00bb. Nos questions seraient plut\u00f4t en lien avec \u00ab\u00a0Soci\u00e9t\u00e9\u00a0\u00bb mais cette table \u00e9tant submerg\u00e9e de monde, nous pensons plus strat\u00e9gique de nous installer \u00e0 \u00ab\u00a0Travail\u00a0\u00bb pour avoir une chance d&rsquo;avoir la parole. Nous nous installons. Nous avons un sourire en coin car les gens sur 2 jambes autour de la table nous tournent ostensiblement le dos et mettent dix bonnes minutes \u00e0 r\u00e9aliser que ce serait peut-\u00eatre int\u00e9ressant d\u2019\u00e9largir le cercle pour inclure les fauteuils. Bref!<br \/>\nLa secr\u00e9taire d&rsquo;Etat arrive avec sa d\u00e9l\u00e9gation, nous entendons \u00ab\u00a0la consigne est de se lever\u00a0\u00bb. Nouveaux sourires en coin.<br \/>\nApr\u00e8s un discours de Sophie Cluzel \u00ab\u00a0Je suis l\u00e0 pour vous \u00e9couter\u00a0\u00bb, les choses s\u00e9rieuses commencent. On nous distribue des post-its sur lesquels nous devons \u00e9crire des \u00ab\u00a0diagnostics\u00a0\u00bb et des \u00ab\u00a0propositions\u00a0\u00bb. J. y \u00e9crit son exp\u00e9rience de prof agr\u00e9g\u00e9e envoy\u00e9e en REP, K. se d\u00e9brouille pour rattacher \u00ab\u00a0l&rsquo;AAH et le conjoint\u00a0\u00bb \u00e0 la th\u00e9matique du travail et moi, j&rsquo;\u00e9cris qu&rsquo;il faut une meilleure prise en charge de la PCH pour que l&rsquo;on puisse se consacrer \u00e0 notre vie pro&#8230; La table est anim\u00e9e \u00e0 l&rsquo;arrache, on s&rsquo;entend \u00e0 peine donc je d\u00e9croche vite et je regarde autour de moi. K. discute avec un journaliste sur l&rsquo;AAH et J. expose son exp\u00e9rience \u00e0 d&rsquo;autres. Tout d&rsquo;un coup, une dame s&rsquo;int\u00e9resse \u00e0 J. et moi et nous demande ce que nous faisons dans la vie :<br \/>\n&#8211; Agr\u00e9g\u00e9e de lettre\u00a0\u00bb,<br \/>\n&#8211; Ing\u00e9nieur de Recherche\u00a0\u00bb.<br \/>\n&#8211; Wahoooooooooo!!! Incroyable!!!!! Merveilleux!!! Absolument extraordinaire! Fantastique!\u00a0 Trop bon!!!!! Il faut absolument que vous veniez t\u00e9moigner \u00e0 mes formations, j&rsquo;essaie de montrer que les personnes en situation de handicap peuvent travailler\u00a0\u00bb. Avec J. nous \u00e9changeons un regard disant \u00ab\u00a0Ca va, on n&rsquo;a pas\u00a0 d\u00e9croch\u00e9 le prix Nobel non plus, du calme dans les superlatifs.\u00a0\u00bb Mais nous donnons nos coordonn\u00e9es, apr\u00e8s tout peut-\u00eatre que cela peut \u00eatre utile&#8230;<br \/>\nEnfin, au bout d&rsquo;une petite heure, c&rsquo;est le moment de la restitution donc nous nous installons face \u00e0 l&rsquo;estrade, \u00e7a peut \u00eatre le moment le plus int\u00e9ressant&#8230; ou pas. Les rapporteurs se succ\u00e9deront pr\u00e9sentant une synth\u00e8se (plus ou moins bien faite, par exemple le post-it de J. a \u00e9t\u00e9 fondu dans \u00ab\u00a0accessibilit\u00e9 des locaux\u00a0\u00bb, le mien dans \u00ab\u00a0des meilleures aides d&rsquo;accompagnement\u00a0\u00bb et celui de K. a simplement saut\u00e9) de leur table ronde, Sophie Cluzel y r\u00e9pondra par des la\u00efus extr\u00eamement bien format\u00e9s et \u00e0 quelques questions du public. Je pense qu&rsquo;au final il n&rsquo;y a pas eu plus de 10 questions \u00ab\u00a0spontan\u00e9es\u00a0\u00bb, le micro ne circulant pas car \u00ab\u00a0nous n&rsquo;avons plus le temps, Mme la Secr\u00e9taire a un train \u00e0 prendre\u00a0\u00bb. A mon sens, Sophie Cluzel a r\u00e9pondu de mani\u00e8re tr\u00e8s froide, tr\u00e8s technique, n&rsquo;h\u00e9sitant pas \u00e0 \u00ab\u00a0attaquer\u00a0\u00bb sur les mots des questions. Par exemple, une personne l&rsquo;a interpell\u00e9e sur les d\u00e9rogations pour l&rsquo;accessibilit\u00e9 des lieux publics et \u00ab\u00a0priv\u00e9s\u00a0\u00bb, pr\u00e9cisant que ce qu&rsquo;elle entendait par \u00ab\u00a0priv\u00e9\u00a0\u00bb c&rsquo;\u00e9tait les restos etc, bref les entreprises priv\u00e9es. Et l\u00e0, Sophie Cluzel a imm\u00e9diatement \u00ab\u00a0attaqu\u00e9\u00a0\u00bb en disant que les restos etc n&rsquo;\u00e9taient pas des lieux \u00ab\u00a0priv\u00e9s\u00a0\u00bb mais des lieux \u00ab\u00a0publics\u00a0\u00bb. Oui&#8230; Bon&#8230; Et alors?<br \/>\nDe mon point de vue, cette phase de restitution et d&rsquo;\u00e9change n&rsquo;a eu absolument aucun int\u00e9r\u00eat et Sophie Cluzel a pu avoir son train!<\/p>\n<p>Avons nous \u00e9t\u00e9 surpris de la tournure de ce d\u00e9bat? Absolument pas, malheureusement&#8230;<br \/>\nPeut-\u00eatre que le point positif a \u00e9t\u00e9 les \u00e9changes avec les journalistes, \u00e0 voir si cela donne quelque chose dans les prochains jours&#8230; Moi \u00e0 J. et \u00e0 K. :<br \/>\n\u00ab\u00a0C&rsquo;\u00e9taient des journalistes de quels m\u00e9dia?<br \/>\n-Euh&#8230; Bah&#8230; On sait pas trop en fait :).\u00a0\u00bb<\/p>\n<p>Ah non, il y a un autre point positif, cela nous a donn\u00e9 une occasion de nous voir, J., K. et moi, de manger des pizzas et d&rsquo;aller au resto en sortant du \u00ab\u00a0d\u00e9bat\u00a0\u00bb \ud83d\ude09 !<\/p>\n<p>* <em>Je vous renvoie vers la vid\u00e9o qu&rsquo;a faite K. sur cette probl\u00e9matique :<\/em><\/p>\n<p><iframe loading=\"lazy\" title=\"L&#039;AAH INVESTIGATION \u2013 Le prix de l&#039;amour #1\" width=\"640\" height=\"360\" src=\"https:\/\/www.youtube.com\/embed\/oyXnj2ygViU?start=10&#038;feature=oembed\" frameborder=\"0\" allow=\"accelerometer; autoplay; clipboard-write; encrypted-media; gyroscope; picture-in-picture; web-share\" referrerpolicy=\"strict-origin-when-cross-origin\" allowfullscreen><\/iframe><\/p>\n<p><em>La d\u00e9put\u00e9 Marie-Georges Buffet va essayer de proposer une loi le 7 mars pour que l&rsquo;AAH ne soit plus align\u00e9e sur les revenus du conjoint. A suivre&#8230;<\/em><\/p>\n<p>&nbsp;<\/p>\n\n<!-- Facebook Like Button v1.9.6 BEGIN [http:\/\/blog.bottomlessinc.com] -->\n<iframe src=\"http:\/\/www.facebook.com\/plugins\/like.php?href=https%3A%2F%2Fblog-enrouelibre.fr%2F%3Fp%3D1150&amp;layout=standard&amp;show_faces=false&amp;width=450&amp;action=like&amp;colorscheme=light\" scrolling=\"no\" frameborder=\"0\" allowTransparency=\"true\" style=\"border:none; overflow:hidden; width:450px; height: 30px; align: left; margin: 2px 0px 2px 0px\"><\/iframe>\n<!-- Facebook Like Button END -->\n","protected":false},"excerpt":{"rendered":"<p>Dimanche dernier, K. et moi recevions un message d&rsquo;une copine handi, J. : \u00ab\u00a0Hey les amis, une asso m&rsquo;a dit qu&rsquo;il y avait un d\u00e9bat sur le handicap avec Olivier V\u00e9ran (d\u00e9put\u00e9 de l&rsquo;Is\u00e8re) et Sophie Cluzel (secr\u00e9taire d&rsquo;\u00e9tat en &hellip; <a href=\"https:\/\/blog-enrouelibre.fr\/?p=1150\">Continuer la lecture <span class=\"meta-nav\">&rarr;<\/span><\/a><\/p>\n","protected":false},"author":1,"featured_media":0,"comment_status":"open","ping_status":"open","sticky":false,"template":"","format":"standard","meta":{"_exactmetrics_skip_tracking":false,"_exactmetrics_sitenote_active":false,"_exactmetrics_sitenote_note":"","_exactmetrics_sitenote_category":0,"_uf_show_specific_survey":0,"_uf_disable_surveys":false,"footnotes":""},"categories":[18,30],"tags":[168,167,16,5,163],"aioseo_notices":[],"yoast_head":"<!-- This site is optimized with the Yoast SEO plugin v22.7 - https:\/\/yoast.com\/wordpress\/plugins\/seo\/ -->\n<title>Grand D\u00e9bat National : Inclusion et Handicap -<\/title>\n<meta name=\"robots\" content=\"index, follow, max-snippet:-1, max-image-preview:large, max-video-preview:-1\" \/>\n<link rel=\"canonical\" href=\"https:\/\/blog-enrouelibre.fr\/?p=1150\" \/>\n<meta property=\"og:locale\" content=\"fr_FR\" \/>\n<meta property=\"og:type\" content=\"article\" \/>\n<meta property=\"og:title\" content=\"Grand D\u00e9bat National : Inclusion et Handicap -\" \/>\n<meta property=\"og:description\" content=\"Dimanche dernier, K. et moi recevions un message d&rsquo;une copine handi, J. : \u00ab\u00a0Hey les amis, une asso m&rsquo;a dit qu&rsquo;il y avait un d\u00e9bat sur le handicap avec Olivier V\u00e9ran (d\u00e9put\u00e9 de l&rsquo;Is\u00e8re) et Sophie Cluzel (secr\u00e9taire d&rsquo;\u00e9tat en &hellip; Continuer la lecture &rarr;\" \/>\n<meta property=\"og:url\" content=\"https:\/\/blog-enrouelibre.fr\/?p=1150\" \/>\n<meta property=\"article:published_time\" content=\"2019-02-23T09:40:33+00:00\" \/>\n<meta property=\"article:modified_time\" content=\"2019-02-23T10:08:56+00:00\" \/>\n<meta property=\"og:image\" content=\"http:\/\/blog-enrouelibre.fr\/wp-content\/uploads\/2019\/02\/Debat.png\" \/>\n<meta name=\"author\" content=\"Emmanuelle\" \/>\n<meta name=\"twitter:card\" content=\"summary_large_image\" \/>\n<meta name=\"twitter:label1\" content=\"\u00c9crit par\" \/>\n\t<meta name=\"twitter:data1\" content=\"Emmanuelle\" \/>\n\t<meta name=\"twitter:label2\" content=\"Dur\u00e9e de lecture estim\u00e9e\" \/>\n\t<meta name=\"twitter:data2\" content=\"6 minutes\" \/>\n<script type=\"application\/ld+json\" class=\"yoast-schema-graph\">{\"@context\":\"https:\/\/schema.org\",\"@graph\":[{\"@type\":\"WebPage\",\"@id\":\"https:\/\/blog-enrouelibre.fr\/?p=1150\",\"url\":\"https:\/\/blog-enrouelibre.fr\/?p=1150\",\"name\":\"Grand D\u00e9bat National : Inclusion et Handicap -\",\"isPartOf\":{\"@id\":\"http:\/\/blog-enrouelibre.fr\/#website\"},\"primaryImageOfPage\":{\"@id\":\"https:\/\/blog-enrouelibre.fr\/?p=1150#primaryimage\"},\"image\":{\"@id\":\"https:\/\/blog-enrouelibre.fr\/?p=1150#primaryimage\"},\"thumbnailUrl\":\"http:\/\/blog-enrouelibre.fr\/wp-content\/uploads\/2019\/02\/Debat.png\",\"datePublished\":\"2019-02-23T09:40:33+00:00\",\"dateModified\":\"2019-02-23T10:08:56+00:00\",\"author\":{\"@id\":\"http:\/\/blog-enrouelibre.fr\/#\/schema\/person\/479c0558757f99ea166004eb4a192e88\"},\"breadcrumb\":{\"@id\":\"https:\/\/blog-enrouelibre.fr\/?p=1150#breadcrumb\"},\"inLanguage\":\"fr-FR\",\"potentialAction\":[{\"@type\":\"ReadAction\",\"target\":[\"https:\/\/blog-enrouelibre.fr\/?p=1150\"]}]},{\"@type\":\"ImageObject\",\"inLanguage\":\"fr-FR\",\"@id\":\"https:\/\/blog-enrouelibre.fr\/?p=1150#primaryimage\",\"url\":\"http:\/\/blog-enrouelibre.fr\/wp-content\/uploads\/2019\/02\/Debat.png\",\"contentUrl\":\"http:\/\/blog-enrouelibre.fr\/wp-content\/uploads\/2019\/02\/Debat.png\"},{\"@type\":\"BreadcrumbList\",\"@id\":\"https:\/\/blog-enrouelibre.fr\/?p=1150#breadcrumb\",\"itemListElement\":[{\"@type\":\"ListItem\",\"position\":1,\"name\":\"Accueil\",\"item\":\"http:\/\/blog-enrouelibre.fr\/\"},{\"@type\":\"ListItem\",\"position\":2,\"name\":\"Grand D\u00e9bat National : Inclusion et Handicap\"}]},{\"@type\":\"WebSite\",\"@id\":\"http:\/\/blog-enrouelibre.fr\/#website\",\"url\":\"http:\/\/blog-enrouelibre.fr\/\",\"name\":\"\",\"description\":\"\",\"potentialAction\":[{\"@type\":\"SearchAction\",\"target\":{\"@type\":\"EntryPoint\",\"urlTemplate\":\"http:\/\/blog-enrouelibre.fr\/?s={search_term_string}\"},\"query-input\":\"required name=search_term_string\"}],\"inLanguage\":\"fr-FR\"},{\"@type\":\"Person\",\"@id\":\"http:\/\/blog-enrouelibre.fr\/#\/schema\/person\/479c0558757f99ea166004eb4a192e88\",\"name\":\"Emmanuelle\",\"image\":{\"@type\":\"ImageObject\",\"inLanguage\":\"fr-FR\",\"@id\":\"http:\/\/blog-enrouelibre.fr\/#\/schema\/person\/image\/\",\"url\":\"https:\/\/secure.gravatar.com\/avatar\/d0126598ce98342c32226c69e696e3fa?s=96&d=mm&r=g\",\"contentUrl\":\"https:\/\/secure.gravatar.com\/avatar\/d0126598ce98342c32226c69e696e3fa?s=96&d=mm&r=g\",\"caption\":\"Emmanuelle\"},\"url\":\"https:\/\/blog-enrouelibre.fr\/?author=1\"}]}<\/script>\n<!-- \/ Yoast SEO plugin. -->","yoast_head_json":{"title":"Grand D\u00e9bat National : Inclusion et Handicap -","robots":{"index":"index","follow":"follow","max-snippet":"max-snippet:-1","max-image-preview":"max-image-preview:large","max-video-preview":"max-video-preview:-1"},"canonical":"https:\/\/blog-enrouelibre.fr\/?p=1150","og_locale":"fr_FR","og_type":"article","og_title":"Grand D\u00e9bat National : Inclusion et Handicap -","og_description":"Dimanche dernier, K. et moi recevions un message d&rsquo;une copine handi, J. : \u00ab\u00a0Hey les amis, une asso m&rsquo;a dit qu&rsquo;il y avait un d\u00e9bat sur le handicap avec Olivier V\u00e9ran (d\u00e9put\u00e9 de l&rsquo;Is\u00e8re) et Sophie Cluzel (secr\u00e9taire d&rsquo;\u00e9tat en &hellip; Continuer la lecture &rarr;","og_url":"https:\/\/blog-enrouelibre.fr\/?p=1150","article_published_time":"2019-02-23T09:40:33+00:00","article_modified_time":"2019-02-23T10:08:56+00:00","og_image":[{"url":"http:\/\/blog-enrouelibre.fr\/wp-content\/uploads\/2019\/02\/Debat.png"}],"author":"Emmanuelle","twitter_card":"summary_large_image","twitter_misc":{"\u00c9crit par":"Emmanuelle","Dur\u00e9e de lecture estim\u00e9e":"6 minutes"},"schema":{"@context":"https:\/\/schema.org","@graph":[{"@type":"WebPage","@id":"https:\/\/blog-enrouelibre.fr\/?p=1150","url":"https:\/\/blog-enrouelibre.fr\/?p=1150","name":"Grand D\u00e9bat National : Inclusion et Handicap -","isPartOf":{"@id":"http:\/\/blog-enrouelibre.fr\/#website"},"primaryImageOfPage":{"@id":"https:\/\/blog-enrouelibre.fr\/?p=1150#primaryimage"},"image":{"@id":"https:\/\/blog-enrouelibre.fr\/?p=1150#primaryimage"},"thumbnailUrl":"http:\/\/blog-enrouelibre.fr\/wp-content\/uploads\/2019\/02\/Debat.png","datePublished":"2019-02-23T09:40:33+00:00","dateModified":"2019-02-23T10:08:56+00:00","author":{"@id":"http:\/\/blog-enrouelibre.fr\/#\/schema\/person\/479c0558757f99ea166004eb4a192e88"},"breadcrumb":{"@id":"https:\/\/blog-enrouelibre.fr\/?p=1150#breadcrumb"},"inLanguage":"fr-FR","potentialAction":[{"@type":"ReadAction","target":["https:\/\/blog-enrouelibre.fr\/?p=1150"]}]},{"@type":"ImageObject","inLanguage":"fr-FR","@id":"https:\/\/blog-enrouelibre.fr\/?p=1150#primaryimage","url":"http:\/\/blog-enrouelibre.fr\/wp-content\/uploads\/2019\/02\/Debat.png","contentUrl":"http:\/\/blog-enrouelibre.fr\/wp-content\/uploads\/2019\/02\/Debat.png"},{"@type":"BreadcrumbList","@id":"https:\/\/blog-enrouelibre.fr\/?p=1150#breadcrumb","itemListElement":[{"@type":"ListItem","position":1,"name":"Accueil","item":"http:\/\/blog-enrouelibre.fr\/"},{"@type":"ListItem","position":2,"name":"Grand D\u00e9bat National : Inclusion et Handicap"}]},{"@type":"WebSite","@id":"http:\/\/blog-enrouelibre.fr\/#website","url":"http:\/\/blog-enrouelibre.fr\/","name":"","description":"","potentialAction":[{"@type":"SearchAction","target":{"@type":"EntryPoint","urlTemplate":"http:\/\/blog-enrouelibre.fr\/?s={search_term_string}"},"query-input":"required name=search_term_string"}],"inLanguage":"fr-FR"},{"@type":"Person","@id":"http:\/\/blog-enrouelibre.fr\/#\/schema\/person\/479c0558757f99ea166004eb4a192e88","name":"Emmanuelle","image":{"@type":"ImageObject","inLanguage":"fr-FR","@id":"http:\/\/blog-enrouelibre.fr\/#\/schema\/person\/image\/","url":"https:\/\/secure.gravatar.com\/avatar\/d0126598ce98342c32226c69e696e3fa?s=96&d=mm&r=g","contentUrl":"https:\/\/secure.gravatar.com\/avatar\/d0126598ce98342c32226c69e696e3fa?s=96&d=mm&r=g","caption":"Emmanuelle"},"url":"https:\/\/blog-enrouelibre.fr\/?author=1"}]}},"_links":{"self":[{"href":"https:\/\/blog-enrouelibre.fr\/index.php?rest_route=\/wp\/v2\/posts\/1150"}],"collection":[{"href":"https:\/\/blog-enrouelibre.fr\/index.php?rest_route=\/wp\/v2\/posts"}],"about":[{"href":"https:\/\/blog-enrouelibre.fr\/index.php?rest_route=\/wp\/v2\/types\/post"}],"author":[{"embeddable":true,"href":"https:\/\/blog-enrouelibre.fr\/index.php?rest_route=\/wp\/v2\/users\/1"}],"replies":[{"embeddable":true,"href":"https:\/\/blog-enrouelibre.fr\/index.php?rest_route=%2Fwp%2Fv2%2Fcomments&post=1150"}],"version-history":[{"count":5,"href":"https:\/\/blog-enrouelibre.fr\/index.php?rest_route=\/wp\/v2\/posts\/1150\/revisions"}],"predecessor-version":[{"id":1156,"href":"https:\/\/blog-enrouelibre.fr\/index.php?rest_route=\/wp\/v2\/posts\/1150\/revisions\/1156"}],"wp:attachment":[{"href":"https:\/\/blog-enrouelibre.fr\/index.php?rest_route=%2Fwp%2Fv2%2Fmedia&parent=1150"}],"wp:term":[{"taxonomy":"category","embeddable":true,"href":"https:\/\/blog-enrouelibre.fr\/index.php?rest_route=%2Fwp%2Fv2%2Fcategories&post=1150"},{"taxonomy":"post_tag","embeddable":true,"href":"https:\/\/blog-enrouelibre.fr\/index.php?rest_route=%2Fwp%2Fv2%2Ftags&post=1150"}],"curies":[{"name":"wp","href":"https:\/\/api.w.org\/{rel}","templated":true}]}}