{"id":1352,"date":"2021-10-09T11:19:08","date_gmt":"2021-10-09T10:19:08","guid":{"rendered":"http:\/\/blog-enrouelibre.fr\/?p=1352"},"modified":"2021-10-09T11:19:08","modified_gmt":"2021-10-09T10:19:08","slug":"rencontre-avec-une-deputee-lrem","status":"publish","type":"post","link":"https:\/\/blog-enrouelibre.fr\/?p=1352","title":{"rendered":"Rencontre avec une d\u00e9put\u00e9e LREM"},"content":{"rendered":"\n<p>Hier, j&rsquo;ai \u00e9t\u00e9 invit\u00e9e \u00e0 une grosse matin\u00e9e d&rsquo;\u00e9changes sur le handicap  par la d\u00e9put\u00e9e Mme GALLIARD-MINIER, d\u00e9put\u00e9e LREM de la 1\u00e8re circonscription de l&rsquo;Is\u00e8re.<br \/>J&rsquo;ai mis quelque temps \u00e0 me motiver \u00e0 accepter l&rsquo;invitation car LREM donc bon&#8230; avec des assos dont je ne partage pas forc\u00e9ment les visions sur handicap et c&rsquo;\u00e9tait un cong\u00e9 \u00e0 poser. Mais c&rsquo;\u00e9tait aussi une opportunit\u00e9 pour faire entendre un discours peut-\u00eatre un peu diff\u00e9rent. Donc finalement j&rsquo;ai accept\u00e9 et pour bien pouvoir d\u00e9velopper mes propos, j&rsquo;ai pr\u00e9par\u00e9 \u00e0 l&rsquo;avance des textes convertis en fichier audio pour chaque th\u00e9matique du programme. Et donc les voil\u00e0&#8230; Je mets \u00e9galement les fichiers audios. Je termine par un bilan et un bonus.<\/p>\n\n\n\n<figure class=\"wp-block-image size-full\"><img loading=\"lazy\" decoding=\"async\" width=\"519\" height=\"660\" src=\"https:\/\/blog-enrouelibre.fr\/wp-content\/uploads\/2021\/10\/image.png\" alt=\"\" class=\"wp-image-1356\" srcset=\"https:\/\/blog-enrouelibre.fr\/wp-content\/uploads\/2021\/10\/image.png?v=1723622575 519w, https:\/\/blog-enrouelibre.fr\/wp-content\/uploads\/2021\/10\/image-236x300.png?v=1723622575 236w\" sizes=\"(max-width: 519px) 100vw, 519px\" \/><\/figure>\n\n\n\n<h2 class=\"wp-block-heading\">Pr\u00e9sentation<\/h2>\n\n\n\n<figure class=\"wp-block-audio\"><audio controls src=\"https:\/\/blog-enrouelibre.fr\/wp-content\/uploads\/2021\/10\/presentation.m4a\"><\/audio><\/figure>\n\n\n\n<p>Bonjour \u00e0 toutes et tous,<br \/>Tout d\u2019abord merci pour cette invitation.<br \/>Je m\u2019appelle Emmanuelle Kristensen, j\u2019ai 32 ans et je suis ing\u00e9nieure de recherche. Je suis une des cinq militants du collectif <a href=\"https:\/\/leprixdelamour\">Le prix de l\u2019amour<\/a> qui milite pour la d\u00e9conjugalisation de l\u2019AAH. A ce titre, nous avions \u00e9chang\u00e9 avec Mme la D\u00e9put\u00e9e qui nous a ensuite invit\u00e9s aujourd\u2019hui. Le collectif, qui existe depuis mars 2021, focalise son travail exclusivement sur la d\u00e9conjugalisation de l\u2019AAH, pour l\u2019instant. Cependant, d\u2019un commun accord et avec leur entier soutien, je suis l\u00e0 parmi vous aujourd\u2019hui pour essayer d\u2019apporter mon exp\u00e9rience et mon point de vue concernant les diff\u00e9rentes th\u00e9matiques au programme. Mes propos d\u2019aujourd\u2019hui n\u2019engagent donc que moi-m\u00eame.<br \/>Comme je communique avec une synth\u00e8se vocale, pour plus de facilit\u00e9 et pour pouvoir d\u00e9velopper mon propos, j\u2019ai pr\u00e9par\u00e9 des petits fichiers audios, comme celui-ci, pour chaque th\u00e9matique. Je vous pr\u00e9sente mes excuses par avance s\u2019il y a des redites par rapport \u00e0 vos interventions respectives. Et bien s\u00fbr lors des \u00e9changes je participerai de fa\u00e7on spontan\u00e9e.<\/p>\n\n\n\n<h2 class=\"wp-block-heading\">Prestation de compensation du handicap (PCH)<\/h2>\n\n\n\n<figure class=\"wp-block-audio\"><audio controls src=\"https:\/\/blog-enrouelibre.fr\/wp-content\/uploads\/2021\/10\/pch.m4a\"><\/audio><\/figure>\n\n\n\n<p>Je vis toute seule depuis mes 20 ans, date \u00e0 laquelle je suis arriv\u00e9e \u00e0 Grenoble pour mes \u00e9tudes, ma famille habitant pr\u00e8s de Marseille. Il est donc vital que j\u2019ai de l\u2019aide via la PCH \u00ab&nbsp;aide humaine&nbsp;\u00bb qui est un dispositif qui ne demande qu\u2019\u00e0 \u00eatre am\u00e9lior\u00e9. Donc aujourd\u2019hui je vais me concentrer sur la PCH \u00ab&nbsp;aide humaine&nbsp;\u00bb et laisser les autres PCH de c\u00f4t\u00e9.<\/p>\n\n\n\n<p>Pour commencer, prenons un cas concret pour illustrer les limites de la PCH. Une personne en fauteuil, se servant d&rsquo;une seule main a su, apr\u00e8s une r\u00e9\u00e9ducation importante, devenir autonome pour les transferts, la toilette et l&rsquo;habillage. Pour vivre seule et travailler \u00e0 temps plein, elle a besoin d&rsquo;une aide humaine pour toutes les t\u00e2ches m\u00e9nag\u00e8res. Or la PCH ne prend pas en charge les t\u00e2ches m\u00e9nag\u00e8res et l&rsquo;entretien du linge mais sans cela, la personne ne pourrait pas vivre seule : faire le m\u00e9nage en fauteuil et \u00e9tendre le linge \u00e0 une main, tout le monde peut comprendre que ce n&rsquo;est pas possible. Une fois, lors du renouvellement de sa PCH, elle a na\u00efvement et avec fiert\u00e9 expliqu\u00e9 qu&rsquo;elle pouvait s&rsquo;habiller et se doucher toute seule mais qu&rsquo;elle avait donc besoin d&rsquo;aide pour les t\u00e2ches m\u00e9nag\u00e8res. La r\u00e9f\u00e9rente MDPH lui a alors r\u00e9pondu froidement que le m\u00e9nage n&rsquo;\u00e9tait pas pris en charge car consid\u00e9r\u00e9 comme du confort. La personne a alors perdu les 2 tiers des heures qu&rsquo;elle avait, a d\u00fb embaucher de sa poche en compl\u00e9ment, a eu de gros probl\u00e8mes de sant\u00e9 dus \u00e0 la fatigue engendr\u00e9e, etc. Depuis elle doit sous-estimer son autonomie pour obtenir suffisamment d&rsquo;heures et c&rsquo;est bien s\u00fbr un moment v\u00e9cu comme une humiliation. En r\u00e9sum\u00e9, actuellement, les personnes doivent faire rentrer leurs besoins dans des cases pr\u00e9d\u00e9finies, il faudrait au contraire que la PCH soit adapt\u00e9e aux besoins r\u00e9els de chaque individu et cela ne para\u00eet quand m\u00eame pas invraisemblable qu&rsquo;une personne handicap\u00e9e ait besoin d&rsquo;aide pour l&rsquo;entretien de son logement. Des aides existent selon les CCAS mais elles d\u00e9pendent souvent des revenus, par cons\u00e9quent cela reste un surco\u00fbt li\u00e9 au handicap.<br \/>Il faudrait ensuite revoir de fond en comble le syst\u00e8me d\u2019emploi d&rsquo;auxiliaires de vie. Il y a trois formules possibles\u00a0: le prestataire, le mandataire et l\u2019emploi direct. Je peux vous parler des modes prestataires et emploi direct. Je n\u2019ai jamais eu recours au mandataire.<br \/>Le prestataire consiste en une entreprise ou une association employant les auxiliaires de vie. Pendant 10 ans, j\u2019ai eu recours \u00e0 ce mode. L\u2019avantage est que le b\u00e9n\u00e9ficiaire n\u2019a strictement rien \u00e0 faire, tout est g\u00e9r\u00e9 par le prestataire. Par contre il y a quelques inconv\u00e9nients.Tout d\u2019abord, les plannings sont impos\u00e9s aux aides \u00e0 domicile et aux b\u00e9n\u00e9ficiaires, ne tenant pas du tout en compte de la temporalit\u00e9 de la vie du b\u00e9n\u00e9ficiaire.Il y a un turn-over incroyable, un mois, par exemple j\u2019ai eu cinq intervenants diff\u00e9rents par semaine. Avec chaque intervenant, il faut r\u00e9expliquer, se r\u00e9adapter et quand on a cr\u00e9\u00e9 une routine et un lien de confiance, le service prestataire nous change d\u2019intervenant sans concertation pr\u00e9alable.\u00a0 Et bon, parfois on tombe sur des \u00ab\u00a0cas\u00a0\u00bb. Quand il faut que l\u2019aide \u00e0 domicile nous aide \u00e0 pr\u00e9parer le repas et qu\u2019elle ne sait pas que des p\u00e2tes se cuisent dans de l\u2019eau, qu\u2019elle laisse les poubelles en plan dans le salon, avant un week-end, car elle n\u2019a pas trouv\u00e9 les cl\u00e9s du local, qu\u2019elle range les habits mouill\u00e9s dans une commode, ou qu\u2019elle se permette de faire des commentaires sur notre vie priv\u00e9e et intime, on se sent fragilis\u00e9, abandonn\u00e9, voire maltrait\u00e9.Et ce type d\u2019anecdotes peut vous \u00eatre racont\u00e9 par n\u2019importe quel b\u00e9n\u00e9ficiaire de service prestataire, ind\u00e9pendamment de la franchise du service prestataire. Depuis 2 ans, j\u2019ai donc d\u00e9cid\u00e9 d\u2019employer moi-m\u00eame mes auxiliaires de vie. Le recrutement m\u2019a pris plusieurs mois avec quelques entretiens burlesques avant de trouver les personnes qui me convenaient et \u00e0 qui je convenais. En effet, pour moi, c\u2019est un jeu d\u2019\u00e9quipe et il faut qu\u2019il y ait une entente et une confiance ind\u00e9niables entre nous. J\u2019ai trouv\u00e9 une forme de libert\u00e9 et d\u2019ind\u00e9pendance dans ce mode de fonctionnement. Par contre j\u2019ai aussi des responsabilit\u00e9s tr\u00e8s s\u00e9rieuses en tant qu\u2019employeur vis-\u00e0-vis de la l\u00e9gislation et cela m\u2019ajoute un surcro\u00eet de travail lorsqu\u2019il faut r\u00e9diger les contrat, g\u00e9rer des arr\u00eats de maladie, des cong\u00e9s, des cong\u00e9s de maternit\u00e9, etc. Mais pour l\u2019instant, je n\u2019ai aucun regret. Cependant, il faut savoir qu\u2019il y a un reste \u00e0 charge non n\u00e9gligeable li\u00e9s aux indemnit\u00e9s de rupture ou de fin de contrat, entre autres. Et cela va s\u2019alourdir avec la nouvelle convention collective des salari\u00e9s du particulier employeur qui s&rsquo;appliquera en janvier 2022. Ce texte ajoutera des charges \u00e0 l&#8217;employeur (cotisation nouvelle, hausse de cotisations patronales et nouvelles dispositions sur les jours f\u00e9ri\u00e9s et les nuits). Il faudrait donc augmenter le tarif horaire de la PCH afin de couvrir les charges r\u00e9currentes et disposer d&rsquo;un financement exceptionnel \u00e0 disposition des b\u00e9n\u00e9ficiaires afin de couvrir les d\u00e9penses al\u00e9atoires comme les remplacements, les indemnit\u00e9s etc, par exemple.Enfin, il faut absolument revaloriser le m\u00e9tier d\u2019auxiliaires de vie. Tout d\u2019abord il faudrait une r\u00e9elle formation avec au bout un vrai dipl\u00f4me. Dans les services prestataires, les auxiliaires sont g\u00e9n\u00e9ralement exploit\u00e9es pour un emploi pr\u00e9caire. En emploi direct le salaire horaire brut de la PCH est de 14,21 euros. Vous ne trouvez personne voulant occuper un poste aussi essentiel \u00e0 ce tarif-l\u00e0 et si vous trouvez quelqu\u2019un, ce n\u2019est pas un salaire qui fid\u00e9lise et valorise les salari\u00e9s.<br \/>En conclusion, il faudrait ouvrir un vrai chantier de r\u00e9novation de la PCH \u00ab\u00a0aide humaine\u00a0\u00bb en concertation avec les personnes handicap\u00e9es et aussi avec les auxiliaires de vie.<\/p>\n\n\n\n<h2 class=\"wp-block-heading\">Formation et Emploi<\/h2>\n\n\n\n<figure class=\"wp-block-audio\"><audio controls src=\"https:\/\/blog-enrouelibre.fr\/wp-content\/uploads\/2021\/10\/formation.m4a\"><\/audio><\/figure>\n\n\n\n<p>Tout d\u2019abord, je souhaiterais \u00e9voquer le rapport de l\u2019ONU (<a href=\"https:\/\/tbinternet.ohchr.org\/_layouts\/15\/treatybodyexternal\/Download.aspx?symbolno=CRPD%2fC%2fFRA%2fCO%2f1&amp;Lang=en\">VO en anglais<\/a>, <a href=\"https:\/\/www.handicap.fr\/static\/informations\/pdf-docs\/rapport_onu_handicap_francais.pdf\">traduction<\/a>) sur la politique fran\u00e7aise du handicap. Il est sorti mi-septembre. Sur 21 pages, les points positifs n\u2019en occupent m\u00eame pas une page compl\u00e8te. Quand j\u2019y ai lu les mots torture, maltraitance, privation de libert\u00e9 j\u2019ai cru que j\u2019avais t\u00e9l\u00e9charg\u00e9 le rapport d\u2019un autre pays, mais non. J\u2019en parle maintenant car ces mots sont associ\u00e9s dans le rapport \u00e0 de trop nombreuses reprises aux institutions et aux \u00e9tablissements ou services d&rsquo;aide par le travail. Ces dispositifs fran\u00e7ais violent plusieurs articles de la Convention des Nations Unies relative au droit des personnes handicap\u00e9es dont la France est signataire. Ce n\u2019est pas le premier rapport de l\u2019ONU \u00e0 le d\u00e9noncer mais en France, il y a un certain fatalisme donnant \u00e0 penser que ces \u00e9tablissements sont le seul recours possible pour de nombreuses familles. Cette attitude est \u00e9galement teint\u00e9e de pr\u00e9tention, \u00e0 mon sens, en refusant de se remettre en question, m\u00eame apr\u00e8s un rapport de l\u2019ONU si d\u00e9sastreux, et de regarder ce qui se passe dans d\u2019autres pays pour en tirer les bonnes id\u00e9es et en \u00e9liminer les moins bonnes afin d\u2019imaginer un syst\u00e8me fran\u00e7ais ambitieux. Car oui, nous manquons cruellement d\u2019ambition concernant la politique sur le handicap. Et le fait que les associations les plus puissantes soient gestionnaires de ces \u00e9tablissements n\u2019aide s\u00fbrement pas \u00e0 \u00e9voluer vers une d\u00e9sinstitutionalisation.<\/p>\n\n\n\n<p>Maintenant, concernant mon parcours, j\u2019ai toujours \u00e9t\u00e9 scolaris\u00e9e en milieu ordinaire, mes parents ont toujours fait remparts contre l\u2019orientation vers l\u2019institution sugg\u00e9r\u00e9e par certains. Une fois \u00e0 l\u2019\u00e9cole, j\u2019ai d\u00e9cid\u00e9 de tout faire pour y rester et je suis donc all\u00e9e jusqu\u2019au doctorat. De 1992 \u00e0 2009, de la petite section \u00e0 Math sp\u00e9, j\u2019ai toujours eu une auxiliaire de vie scolaire \u00e0 temps plein et juste pour moi. Un tel accompagnement n\u2019existe plus. L\u2019id\u00e9e qu\u2019en 2021 je n\u2019aurais pas pu avoir une scolarit\u00e9 dans d\u2019aussi bonnes conditions me d\u00e9sesp\u00e8re totalement. Comment peut-on parler de formation et d\u2019emploi si tout n\u2019est pas mis en \u0153uvre d\u00e8s la maternelle pour assurer de bonnes conditions de scolarisation. A chaque rentr\u00e9e, le gouvernement dit que tout se passe tr\u00e8s bien. Il suffit de passer quelques soir\u00e9es sur les r\u00e9seaux sociaux et de lire des articles pour voir \u00e0 quel point c\u2019est catastrophique\u00a0: des heures d\u2019accompagnement accord\u00e9es au lance pierre, des AESH mutualis\u00e9es sur plusieurs enfants parfois sur diff\u00e9rents \u00e9tablissements, des postes non pourvus \u00e0 la rentr\u00e9e, des parents dans une d\u00e9tresse inimaginable, des enfants abandonn\u00e9s \u00e0 leur sort, des instituteurs d\u00e9sempar\u00e9s. De plus le m\u00e9tier d\u2019AESH est extr\u00eamement pr\u00e9caire et compl\u00e8tement d\u00e9valoris\u00e9\u00a0: une AESH ne peut esp\u00e9rer un CDI qu\u2019au bout de 6 ans de CDD renouvelable, elle n\u2019a aucune formation, aucun dipl\u00f4me requis, elle est parachut\u00e9e devant des \u00e9l\u00e8ves handicap\u00e9s sans aucune information sur leur handicap ni aucun lien avec l\u2019\u00e9quipe m\u00e9dico-sociale. Pourtant ce sont des personnes qui ont un m\u00e9tier tellement pr\u00e9cieux\u00a0: celui d\u2019accompagner un enfant dans sa scolarit\u00e9, comment est-ce possible que ce m\u00e9tier soit trait\u00e9 de cette fa\u00e7on\u00a0? Et comment est-ce possible de confier des \u00e9l\u00e8ves \u00e0 des personnes non form\u00e9es et dont on ne v\u00e9rifie pas le niveau scolaire\u00a0? Certains \u00e9l\u00e8ves se retrouvent avec des AESH ne sachant pas correctement \u00e9crire et encore moins \u00e9crire des formules math\u00e9matiques, d\u2019autres se retrouvent avec des AESH compl\u00e8tement instables et non fiables.<br \/>Bref, nous ne pouvons vraiment pas \u00eatre fiers de la mani\u00e8re dont la France s\u2019occupe des \u00e9l\u00e8ves handicap\u00e9s en 2021. Puis il y a l\u2019enseignement sup\u00e9rieur dans lequel nous d\u00e9boulons sans aucun accompagnement, je laisserai Chlo\u00e9 Fonvielle raconter plus en d\u00e9tail.<br \/>Apr\u00e8s une \u00e9cole d\u2019ing\u00e9nieur, un doctorat et un postdoctorat, j\u2019ai int\u00e9gr\u00e9 le CNRS via un concours handicap. J\u2019ai bien conscience que j\u2019ai eu un parcours atypique par rapport \u00e0 la majorit\u00e9 des personnes handicap\u00e9es qui vivent une v\u00e9ritable gal\u00e8re dans le monde du travail.<br \/>D\u2019ailleurs, je voudrais rappeler que M. Macron, quand il \u00e9tait ministre de l\u2019\u00e9conomie, a assoupli l\u2019obligation d\u2019emploi de travailleurs handicap\u00e9s pour les entreprises en permettant de comptabiliser des alternatives telles que des stages d\u2019observation ou des mises en situation professionnelle par exemple. L\u2019obligation d\u2019emploi de travailleurs handicap\u00e9s peut alors \u00eatre satisfaite par une entreprise sans qu\u2019elle n\u2019ait \u00e0 employer un seul travailleur handicap\u00e9\u00a0: elle peut avoir recours \u00e0 de la sous-traitance, \u00e0 des stages, \u00e0 un accord d\u2019entreprise et contribuer financi\u00e8rement \u00e0 un fonds de d\u00e9veloppement de l\u2019insertion des personnes handicap\u00e9es. Donc cette fameuse obligation d\u2019emploi n\u2019en est pas vraiment une.<br \/>Durant ce quinquennat, une des actions phares de Mme la ministre Cluzel a \u00e9t\u00e9 la mise en place du Duo Day. Pour moi, ce jour-l\u00e0 est une torture. Sur les r\u00e9seaux sociaux, on est bombard\u00e9 de selfies de chefs d\u2019entreprise avec leur personne handicap\u00e9e r\u00e9duite g\u00e9n\u00e9ralement \u00e0 son pr\u00e9nom et de slogans moyen\u00e2geux. Imaginez si ce DuoDay consistait \u00e0 qu\u2019un homme montre son lieu de travail \u00e0 une femme pour lui faire d\u00e9couvrir le monde du travail, postant un selfie avec comme commentaire \u00ab\u00a0Tr\u00e8s heureux de partager ma journ\u00e9e avec ma DuoDay, St\u00e9phanie. L\u2019inclusion des femmes en milieu professionnel est un devoir et l\u2019affaire de tous. Nous devons, ensemble, combattre les pr\u00e9jug\u00e9s sur la f\u00e9minit\u00e9!\u00a0\u00bb<br \/>J\u2019ai repris un<a href=\"https:\/\/twitter.com\/BrunoLeMaire\/status\/1329397179866296320\"> tweet<\/a> de Bruno Le Maire et j\u2019ai remplac\u00e9 \u00ab\u00a0personnes handicap\u00e9es\u00a0\u00bb par \u00ab\u00a0femme\u00a0\u00bb et \u00ab\u00a0handicap\u00a0\u00bb par \u00ab\u00a0f\u00e9minit\u00e9\u00a0\u00bb. Maintenant, peut-\u00eatre que vous comprenez ce que je peux ressentir le jour du DuoDay. Et en plus, les rares chiffres qu\u2019on trouve montrent que c\u2019est totalement inefficace. J&rsquo;avais trouv\u00e9 une enqu\u00eate pour l\u2019\u00e9dition 2020 : 6% des r\u00e9pondants ont eu un stage, 3% un cdd, 1% un cdi, moins d\u20191% un apprentissage. Donc 90% n&rsquo;ont rien eu \u00e0 l\u2019issu de cette journ\u00e9e.<br \/>Moi, \u00e0 la place de cette journ\u00e9e de communication malaisante, je r\u00eaverais d\u2019une campagne de sensibilisation o\u00f9 on montrerait des travailleurs handicap\u00e9s \u00e0 leur poste, leur m\u00e9tier serait au centre de l\u2019histoire et non leur handicap, car en fait, ce qui devrait int\u00e9resser c\u2019est les comp\u00e9tences et non le handicap. Il faut en finir avec les slogans tels que \u00ab\u00a0les travailleurs handicap\u00e9s enrichissent les entreprises\u00a0\u00bb ou encore \u00abune journ\u00e9e pour d\u00e9couvrir les atouts et les qualit\u00e9s des personnes handicap\u00e9es\u00a0\u00bb. Ils sont au mieux stigmatisant, l\u00e0 encore remplacez \u00ab\u00a0handicap\u00e9es\u00a0\u00bb par \u00ab\u00a0femmes\u00a0\u00bb ou par tout autre minorit\u00e9, et vous verrez peut-\u00eatre ce que je veux dire.La sensibilisation est une chose mais comme je l\u2019ai d\u00e9j\u00e0 dit, il faut enfin devenir ambitieux et multiplier tous les moyens possibles d\u00e8s la maternelle, revaloriser tous les m\u00e9tiers d\u2019accompagnement, donner les moyens aux entreprises pour les am\u00e9nagements de poste. Bref, avoir enfin une vraie politique.<\/p>\n\n\n\n<h2 class=\"wp-block-heading\">Bilan<\/h2>\n\n\n\n<p>Je suis all\u00e9e \u00e0 cette journ\u00e9e sans aucune attente, au contraire je m&rsquo;\u00e9tais pr\u00e9par\u00e9e \u00e0 \u00eatre exasp\u00e9r\u00e9e\/d\u00e9sesp\u00e9r\u00e9e.<br \/>En sortant de cette journ\u00e9e, je dirais que le plus int\u00e9ressant a \u00e9t\u00e9 de discuter avec certains militants que je connaissais seulement de nom mais sans les avoir jamais rencontr\u00e9s, comme Chlo\u00e9 Fonvielle qui milite pour qu&rsquo;il y ait des assistants de vie universitaire.<br \/>Quant aux \u00e9changes, j&rsquo;ai \u00e9t\u00e9 satisfaite de pouvoir dire ce que je souhaitais gr\u00e2ce \u00e0 mes fichiers audios. Sans surprise, la d\u00e9put\u00e9e a d\u00e9fendu le bilan (d\u00e9sastreux pour moi \ud83d\ude09 ) du quinquennat, a sembl\u00e9 bien comprendre les probl\u00e8mes de la PCH et lorsque j&rsquo;ai parl\u00e9 du Duo Day a reconnu qu&rsquo;elle n&rsquo;avait jamais pens\u00e9 \u00e0 la vision que j&rsquo;ai expos\u00e9e. Elle a propos\u00e9 de travailler sur une autre formule du Duo Day, \u00e0 voir&#8230; <br \/>J&rsquo;ai \u00e9t\u00e9 frustr\u00e9e que personne n&rsquo;ait rebondi sur mes propos sur le rapport de l&rsquo;ONU et l&rsquo;attitude des assos gestionnaires des institutions, d&rsquo;autant plus que l&rsquo;une des plus puissantes, l&rsquo;APF pour ne pas la nommer, \u00e9tait pr\u00e9sente. Par contre, en apart\u00e9, certains militants (pas de l&rsquo;APF ^^) m&rsquo;ont donn\u00e9 raison. <br \/>Au moins, ai-je peut-\u00eatre sem\u00e9 des graines de r\u00e9flexion&#8230;<\/p>\n\n\n\n<h2 class=\"wp-block-heading\">Bonus : Mobilit\u00e9 et Accessibilit\u00e9 <\/h2>\n\n\n\n<p><em>Je ne suis pas intervenue car je trouvais que cela n&rsquo;apportait rien de plus aux interventions des autres invit\u00e9s mais voici ce que j&rsquo;avais pr\u00e9par\u00e9.<\/em><\/p>\n\n\n\n<figure class=\"wp-block-audio\"><audio controls src=\"https:\/\/blog-enrouelibre.fr\/wp-content\/uploads\/2021\/10\/mobilite.m4a\"><\/audio><\/figure>\n\n\n\n<p>Je ne vais pas m\u2019attarder sur le vote de la loi Elan, premi\u00e8re fois o\u00f9 un gouvernement et la majorit\u00e9 parlementaire fran\u00e7ais sont revenus explicitement et de fa\u00e7on compl\u00e8tement assum\u00e9e sur les droits des personnes handicap\u00e9es. Pour rappel, elle va \u00e0 l\u2019encontre des conventions sign\u00e9es avec l\u2019ONU. J\u2019y pense de temps en temps quand je vais chez des amis ou quand j\u2019ose regarder les locations Airbnb, par exemple. Je voudrais aussi faire remarquer que les bus dits bus macrons ne sont pas ou tr\u00e8s peu accessibles donc nous sommes encore perdants car ces bus sont bien moins chers que les trains par exemple et leur mise en place a parfois r\u00e9duit l\u2019offre des trajets en train, accessibles, eux.<\/p>\n\n\n\n<p>Niveau mobilit\u00e9 et accessibilit\u00e9, sur l\u2019agglom\u00e9ration grenobloise, nous vivons dans une bulle plut\u00f4t confortable. Les probl\u00e8mes commencent d\u00e8s qu\u2019on en sort. Si on prend le train, on est oblig\u00e9 d\u2019anticiper le voyage au moins 48 heures \u00e0 l\u2019avance pour pouvoir avoir une assistance en gare puis se pr\u00e9senter 30 minutes avant le d\u00e9part du train. Si un jeudi, j\u2019ai envie d\u2019aller chez mes parents pour le week-end, ce n\u2019est pas possible. Et \u00eatre 30 minutes en avance \u00e0 la gare, \u00e7a peut sembler tr\u00e8s long sur un trajet de plusieurs heures \u00e0 bord d\u2019un train dont les toilettes ne sont pas accessibles. Trouver, pour des vacances ou un d\u00e9placement professionnel, un h\u00e9bergement accessible demande des heures et des heures de recherche et un budget cons\u00e9quent puis sur place il faudra trouver des transports etc. Mi-septembre, je suis all\u00e9e \u00e0 Paris pour un d\u00e9placement professionnel, on a pay\u00e9 300 euros pour 4 trajets en taxi adapt\u00e9 dans Paris intra-muros. Pour trouver un h\u00f4tel, j\u2019ai d\u00fb contacter tous les h\u00f4tels de l\u2019arrondissement pour leur demander des photos afin de v\u00e9rifier l\u2019accessibilit\u00e9 de la salle de bain PMR. Tr\u00e8s peu avaient une salle de bain PMR r\u00e9ellement accessible et ce n\u2019\u00e9tait pas les h\u00f4tels les moins chers du march\u00e9s, loin de l\u00e0. Esp\u00e9rons que les jeux paralympiques permettront de rendre Paris plus handifriendly mais pour l\u2019instant je n\u2019ai pas l\u2019impression qu\u2019il y ait une d\u00e9marche r\u00e9volutionnaire dans ce sens.Je suis plusieurs fois all\u00e9e \u00e0 Londres. L\u00e0-bas aussi, le m\u00e9tro n\u2019est pas forc\u00e9ment accessible. Par contre n\u2019importe quel taxi noir anglais est accessible et au tarif normal sans parler des bus. \u00c7a pourrait peut-\u00eatre \u00eatre source d\u2019inspiration par exemple.<\/p>\n\n<!-- Facebook Like Button v1.9.6 BEGIN [http:\/\/blog.bottomlessinc.com] -->\n<iframe src=\"http:\/\/www.facebook.com\/plugins\/like.php?href=https%3A%2F%2Fblog-enrouelibre.fr%2F%3Fp%3D1352&amp;layout=standard&amp;show_faces=false&amp;width=450&amp;action=like&amp;colorscheme=light\" scrolling=\"no\" frameborder=\"0\" allowTransparency=\"true\" style=\"border:none; overflow:hidden; width:450px; height: 30px; align: left; margin: 2px 0px 2px 0px\"><\/iframe>\n<!-- Facebook Like Button END -->\n","protected":false},"excerpt":{"rendered":"<p>Hier, j&rsquo;ai \u00e9t\u00e9 invit\u00e9e \u00e0 une grosse matin\u00e9e d&rsquo;\u00e9changes sur le handicap par la d\u00e9put\u00e9e Mme GALLIARD-MINIER, d\u00e9put\u00e9e LREM de la 1\u00e8re circonscription de l&rsquo;Is\u00e8re.J&rsquo;ai mis quelque temps \u00e0 me motiver \u00e0 accepter l&rsquo;invitation car LREM donc bon&#8230; avec des &hellip; <a href=\"https:\/\/blog-enrouelibre.fr\/?p=1352\">Continuer la lecture <span class=\"meta-nav\">&rarr;<\/span><\/a><\/p>\n","protected":false},"author":1,"featured_media":0,"comment_status":"open","ping_status":"open","sticky":false,"template":"","format":"standard","meta":{"_exactmetrics_skip_tracking":false,"_exactmetrics_sitenote_active":false,"_exactmetrics_sitenote_note":"","_exactmetrics_sitenote_category":0,"_uf_show_specific_survey":0,"_uf_disable_surveys":false,"footnotes":""},"categories":[18,30,194,195],"tags":[198,197,5,199,74,196],"aioseo_notices":[],"yoast_head":"<!-- This site is optimized with the Yoast SEO plugin v22.7 - https:\/\/yoast.com\/wordpress\/plugins\/seo\/ -->\n<title>Rencontre avec une d\u00e9put\u00e9e LREM -<\/title>\n<meta name=\"robots\" content=\"index, follow, max-snippet:-1, max-image-preview:large, max-video-preview:-1\" \/>\n<link rel=\"canonical\" href=\"https:\/\/blog-enrouelibre.fr\/?p=1352\" \/>\n<meta property=\"og:locale\" content=\"fr_FR\" \/>\n<meta property=\"og:type\" content=\"article\" \/>\n<meta property=\"og:title\" content=\"Rencontre avec une d\u00e9put\u00e9e LREM -\" \/>\n<meta property=\"og:description\" content=\"Hier, j&rsquo;ai \u00e9t\u00e9 invit\u00e9e \u00e0 une grosse matin\u00e9e d&rsquo;\u00e9changes sur le handicap par la d\u00e9put\u00e9e Mme GALLIARD-MINIER, d\u00e9put\u00e9e LREM de la 1\u00e8re circonscription de l&rsquo;Is\u00e8re.J&rsquo;ai mis quelque temps \u00e0 me motiver \u00e0 accepter l&rsquo;invitation car LREM donc bon&#8230; avec des &hellip; Continuer la lecture &rarr;\" \/>\n<meta property=\"og:url\" content=\"https:\/\/blog-enrouelibre.fr\/?p=1352\" \/>\n<meta property=\"article:published_time\" content=\"2021-10-09T10:19:08+00:00\" \/>\n<meta property=\"og:image\" content=\"http:\/\/blog-enrouelibre.fr\/wp-content\/uploads\/2021\/10\/image.png\" \/>\n<meta name=\"author\" content=\"Emmanuelle\" \/>\n<meta name=\"twitter:card\" content=\"summary_large_image\" \/>\n<meta name=\"twitter:label1\" content=\"\u00c9crit par\" \/>\n\t<meta name=\"twitter:data1\" content=\"Emmanuelle\" \/>\n\t<meta name=\"twitter:label2\" content=\"Dur\u00e9e de lecture estim\u00e9e\" \/>\n\t<meta name=\"twitter:data2\" content=\"17 minutes\" \/>\n<script type=\"application\/ld+json\" class=\"yoast-schema-graph\">{\"@context\":\"https:\/\/schema.org\",\"@graph\":[{\"@type\":\"WebPage\",\"@id\":\"https:\/\/blog-enrouelibre.fr\/?p=1352\",\"url\":\"https:\/\/blog-enrouelibre.fr\/?p=1352\",\"name\":\"Rencontre avec une d\u00e9put\u00e9e LREM -\",\"isPartOf\":{\"@id\":\"http:\/\/blog-enrouelibre.fr\/#website\"},\"primaryImageOfPage\":{\"@id\":\"https:\/\/blog-enrouelibre.fr\/?p=1352#primaryimage\"},\"image\":{\"@id\":\"https:\/\/blog-enrouelibre.fr\/?p=1352#primaryimage\"},\"thumbnailUrl\":\"http:\/\/blog-enrouelibre.fr\/wp-content\/uploads\/2021\/10\/image.png\",\"datePublished\":\"2021-10-09T10:19:08+00:00\",\"dateModified\":\"2021-10-09T10:19:08+00:00\",\"author\":{\"@id\":\"http:\/\/blog-enrouelibre.fr\/#\/schema\/person\/479c0558757f99ea166004eb4a192e88\"},\"breadcrumb\":{\"@id\":\"https:\/\/blog-enrouelibre.fr\/?p=1352#breadcrumb\"},\"inLanguage\":\"fr-FR\",\"potentialAction\":[{\"@type\":\"ReadAction\",\"target\":[\"https:\/\/blog-enrouelibre.fr\/?p=1352\"]}]},{\"@type\":\"ImageObject\",\"inLanguage\":\"fr-FR\",\"@id\":\"https:\/\/blog-enrouelibre.fr\/?p=1352#primaryimage\",\"url\":\"http:\/\/blog-enrouelibre.fr\/wp-content\/uploads\/2021\/10\/image.png\",\"contentUrl\":\"http:\/\/blog-enrouelibre.fr\/wp-content\/uploads\/2021\/10\/image.png\"},{\"@type\":\"BreadcrumbList\",\"@id\":\"https:\/\/blog-enrouelibre.fr\/?p=1352#breadcrumb\",\"itemListElement\":[{\"@type\":\"ListItem\",\"position\":1,\"name\":\"Accueil\",\"item\":\"http:\/\/blog-enrouelibre.fr\/\"},{\"@type\":\"ListItem\",\"position\":2,\"name\":\"Rencontre avec une d\u00e9put\u00e9e LREM\"}]},{\"@type\":\"WebSite\",\"@id\":\"http:\/\/blog-enrouelibre.fr\/#website\",\"url\":\"http:\/\/blog-enrouelibre.fr\/\",\"name\":\"\",\"description\":\"\",\"potentialAction\":[{\"@type\":\"SearchAction\",\"target\":{\"@type\":\"EntryPoint\",\"urlTemplate\":\"http:\/\/blog-enrouelibre.fr\/?s={search_term_string}\"},\"query-input\":\"required name=search_term_string\"}],\"inLanguage\":\"fr-FR\"},{\"@type\":\"Person\",\"@id\":\"http:\/\/blog-enrouelibre.fr\/#\/schema\/person\/479c0558757f99ea166004eb4a192e88\",\"name\":\"Emmanuelle\",\"image\":{\"@type\":\"ImageObject\",\"inLanguage\":\"fr-FR\",\"@id\":\"http:\/\/blog-enrouelibre.fr\/#\/schema\/person\/image\/\",\"url\":\"https:\/\/secure.gravatar.com\/avatar\/d0126598ce98342c32226c69e696e3fa?s=96&d=mm&r=g\",\"contentUrl\":\"https:\/\/secure.gravatar.com\/avatar\/d0126598ce98342c32226c69e696e3fa?s=96&d=mm&r=g\",\"caption\":\"Emmanuelle\"},\"url\":\"https:\/\/blog-enrouelibre.fr\/?author=1\"}]}<\/script>\n<!-- \/ Yoast SEO plugin. -->","yoast_head_json":{"title":"Rencontre avec une d\u00e9put\u00e9e LREM -","robots":{"index":"index","follow":"follow","max-snippet":"max-snippet:-1","max-image-preview":"max-image-preview:large","max-video-preview":"max-video-preview:-1"},"canonical":"https:\/\/blog-enrouelibre.fr\/?p=1352","og_locale":"fr_FR","og_type":"article","og_title":"Rencontre avec une d\u00e9put\u00e9e LREM -","og_description":"Hier, j&rsquo;ai \u00e9t\u00e9 invit\u00e9e \u00e0 une grosse matin\u00e9e d&rsquo;\u00e9changes sur le handicap par la d\u00e9put\u00e9e Mme GALLIARD-MINIER, d\u00e9put\u00e9e LREM de la 1\u00e8re circonscription de l&rsquo;Is\u00e8re.J&rsquo;ai mis quelque temps \u00e0 me motiver \u00e0 accepter l&rsquo;invitation car LREM donc bon&#8230; avec des &hellip; Continuer la lecture &rarr;","og_url":"https:\/\/blog-enrouelibre.fr\/?p=1352","article_published_time":"2021-10-09T10:19:08+00:00","og_image":[{"url":"http:\/\/blog-enrouelibre.fr\/wp-content\/uploads\/2021\/10\/image.png"}],"author":"Emmanuelle","twitter_card":"summary_large_image","twitter_misc":{"\u00c9crit par":"Emmanuelle","Dur\u00e9e de lecture estim\u00e9e":"17 minutes"},"schema":{"@context":"https:\/\/schema.org","@graph":[{"@type":"WebPage","@id":"https:\/\/blog-enrouelibre.fr\/?p=1352","url":"https:\/\/blog-enrouelibre.fr\/?p=1352","name":"Rencontre avec une d\u00e9put\u00e9e LREM -","isPartOf":{"@id":"http:\/\/blog-enrouelibre.fr\/#website"},"primaryImageOfPage":{"@id":"https:\/\/blog-enrouelibre.fr\/?p=1352#primaryimage"},"image":{"@id":"https:\/\/blog-enrouelibre.fr\/?p=1352#primaryimage"},"thumbnailUrl":"http:\/\/blog-enrouelibre.fr\/wp-content\/uploads\/2021\/10\/image.png","datePublished":"2021-10-09T10:19:08+00:00","dateModified":"2021-10-09T10:19:08+00:00","author":{"@id":"http:\/\/blog-enrouelibre.fr\/#\/schema\/person\/479c0558757f99ea166004eb4a192e88"},"breadcrumb":{"@id":"https:\/\/blog-enrouelibre.fr\/?p=1352#breadcrumb"},"inLanguage":"fr-FR","potentialAction":[{"@type":"ReadAction","target":["https:\/\/blog-enrouelibre.fr\/?p=1352"]}]},{"@type":"ImageObject","inLanguage":"fr-FR","@id":"https:\/\/blog-enrouelibre.fr\/?p=1352#primaryimage","url":"http:\/\/blog-enrouelibre.fr\/wp-content\/uploads\/2021\/10\/image.png","contentUrl":"http:\/\/blog-enrouelibre.fr\/wp-content\/uploads\/2021\/10\/image.png"},{"@type":"BreadcrumbList","@id":"https:\/\/blog-enrouelibre.fr\/?p=1352#breadcrumb","itemListElement":[{"@type":"ListItem","position":1,"name":"Accueil","item":"http:\/\/blog-enrouelibre.fr\/"},{"@type":"ListItem","position":2,"name":"Rencontre avec une d\u00e9put\u00e9e LREM"}]},{"@type":"WebSite","@id":"http:\/\/blog-enrouelibre.fr\/#website","url":"http:\/\/blog-enrouelibre.fr\/","name":"","description":"","potentialAction":[{"@type":"SearchAction","target":{"@type":"EntryPoint","urlTemplate":"http:\/\/blog-enrouelibre.fr\/?s={search_term_string}"},"query-input":"required name=search_term_string"}],"inLanguage":"fr-FR"},{"@type":"Person","@id":"http:\/\/blog-enrouelibre.fr\/#\/schema\/person\/479c0558757f99ea166004eb4a192e88","name":"Emmanuelle","image":{"@type":"ImageObject","inLanguage":"fr-FR","@id":"http:\/\/blog-enrouelibre.fr\/#\/schema\/person\/image\/","url":"https:\/\/secure.gravatar.com\/avatar\/d0126598ce98342c32226c69e696e3fa?s=96&d=mm&r=g","contentUrl":"https:\/\/secure.gravatar.com\/avatar\/d0126598ce98342c32226c69e696e3fa?s=96&d=mm&r=g","caption":"Emmanuelle"},"url":"https:\/\/blog-enrouelibre.fr\/?author=1"}]}},"_links":{"self":[{"href":"https:\/\/blog-enrouelibre.fr\/index.php?rest_route=\/wp\/v2\/posts\/1352"}],"collection":[{"href":"https:\/\/blog-enrouelibre.fr\/index.php?rest_route=\/wp\/v2\/posts"}],"about":[{"href":"https:\/\/blog-enrouelibre.fr\/index.php?rest_route=\/wp\/v2\/types\/post"}],"author":[{"embeddable":true,"href":"https:\/\/blog-enrouelibre.fr\/index.php?rest_route=\/wp\/v2\/users\/1"}],"replies":[{"embeddable":true,"href":"https:\/\/blog-enrouelibre.fr\/index.php?rest_route=%2Fwp%2Fv2%2Fcomments&post=1352"}],"version-history":[{"count":1,"href":"https:\/\/blog-enrouelibre.fr\/index.php?rest_route=\/wp\/v2\/posts\/1352\/revisions"}],"predecessor-version":[{"id":1358,"href":"https:\/\/blog-enrouelibre.fr\/index.php?rest_route=\/wp\/v2\/posts\/1352\/revisions\/1358"}],"wp:attachment":[{"href":"https:\/\/blog-enrouelibre.fr\/index.php?rest_route=%2Fwp%2Fv2%2Fmedia&parent=1352"}],"wp:term":[{"taxonomy":"category","embeddable":true,"href":"https:\/\/blog-enrouelibre.fr\/index.php?rest_route=%2Fwp%2Fv2%2Fcategories&post=1352"},{"taxonomy":"post_tag","embeddable":true,"href":"https:\/\/blog-enrouelibre.fr\/index.php?rest_route=%2Fwp%2Fv2%2Ftags&post=1352"}],"curies":[{"name":"wp","href":"https:\/\/api.w.org\/{rel}","templated":true}]}}