{"id":1408,"date":"2023-07-23T15:30:28","date_gmt":"2023-07-23T14:30:28","guid":{"rendered":"http:\/\/blog-enrouelibre.fr\/?p=1408"},"modified":"2023-07-23T15:30:30","modified_gmt":"2023-07-23T14:30:30","slug":"sncf-la-theorie-et-la-pratique","status":"publish","type":"post","link":"https:\/\/blog-enrouelibre.fr\/?p=1408","title":{"rendered":"SNCF : La th\u00e9orie et la pratique"},"content":{"rendered":"\n<p>Certains lecteurs du blog s&rsquo;inqui\u00e9taient du peu de nouvelles de mes voyages avec la SNCF&#8230; Voil\u00e0 de quoi les rassurer.<\/p>\n\n\n\n<p>Lundi je devais faire le classique Grenoble &#8211; Aix en Provence TGV, d\u00e9part \u00e0 12h30 arriv\u00e9e \u00e0 14h49, avec un changement \u00e0 Valence TGV. Facile en th\u00e9orie&#8230;<\/p>\n\n\n\n<p>En pratique, je suis arriv\u00e9e \u00e0 17h27 \u00e0 Vitrolles en passant par N\u00eemes.<\/p>\n\n\n\n<div class=\"wp-block-image is-style-default\"><figure class=\"aligncenter size-full\"><img loading=\"lazy\" decoding=\"async\" width=\"425\" height=\"526\" src=\"https:\/\/blog-enrouelibre.fr\/wp-content\/uploads\/2023\/07\/parcours.png\" alt=\"\" class=\"wp-image-1409\" srcset=\"https:\/\/blog-enrouelibre.fr\/wp-content\/uploads\/2023\/07\/parcours.png?v=1723622564 425w, https:\/\/blog-enrouelibre.fr\/wp-content\/uploads\/2023\/07\/parcours-242x300.png?v=1723622564 242w\" sizes=\"(max-width: 425px) 100vw, 425px\" \/><figcaption>En vert la th\u00e9orie et en rouge la pratique<\/figcaption><\/figure><\/div>\n\n\n\n<h2 class=\"wp-block-heading\">Que s&rsquo;est-il donc pass\u00e9?<\/h2>\n\n\n\n<p>Charg\u00e9e comme une mule, je suis arriv\u00e9e dans la salle d&rsquo;Acc\u00e8s Plus de la gare de Grenoble \u00e0 11h40 pour mon train TER pour Valence TGV \u00e0 12h30. Il est en retard de 5 min, \u00e0 Valence TGV, j&rsquo;ai une correspondance de 18 min. <br \/>Je vois qu&rsquo;il y a un TER pour Valence TGV \u00e0 12h05 donc je sugg\u00e8re \u00e0 un agent de le prendre mais l&rsquo;agent n&rsquo;est pas du tout enthousiaste car c&rsquo;est un train Corail, il faut un \u00e9l\u00e9vateur \u00ab\u00a0on n&rsquo;aura pas le temps\u00a0\u00bb. <\/p>\n\n\n\n<p>Mais le retard augmente \u00e0 15 min, dans le bureau d&rsquo;Acces Plus, \u00e7a sonne le branlebas de combat car je vais louper ma correspondance. Tr\u00e8s vite, les agents essaient de me trouver une place handi dans un autre TGV s&rsquo;arr\u00eatant \u00e0 Valence TGV et \u00e0 Aix en Provence. Tous complets ! Eh oui, dans un TGV, il y a seulement 2 places pour voyageur en fauteuil.<\/p>\n\n\n\n<p>Et j&rsquo;ai tout organis\u00e9 avec mes auxiliaires de vie et ma famille, toutes mes affaires sont dans les bagages sur le fauteuil. Ce serait donc trop compliqu\u00e9 de reporter le voyage au lendemain.<br \/>Bref finalement, une solution : je vais aller \u00e0 Vitrolles proche de la ville de mes parents avec un petit d\u00e9tour par N\u00eemes&#8230;<br \/><br \/>Me voil\u00e0 donc partie pour un voyage bien plus long que pr\u00e9vu, en canicule (comprendre : \u00ab\u00a0OK, il ne faut pas que je m&rsquo;hydrate trop pour \u00e9conomiser les pauses pipi\u00a0\u00bb). Or j&rsquo;avais tout organis\u00e9 pour justement maximiser mon confort lors du voyage&#8230;<\/p>\n\n\n\n<p>Je ne suis jamais all\u00e9e \u00e0 la gare de Vitrolles mais tous les agents Acc\u00e8s Plus de Grenoble puis de N\u00eemes m&rsquo;assurent que la gare de Vitrolles est bien pr\u00e9venue de mon arriv\u00e9e. Ma soeur et ma m\u00e8re t\u00e9l\u00e9phonent \u00e0 Acc\u00e8s Plus qui leur garantit que mon arriv\u00e9e \u00e0 Vitrolles est bien pr\u00e9vue. Je suis plut\u00f4t rassur\u00e9e mais sur mes gardes&#8230;<br \/><br \/>N\u00eemes, Tarascon, Arles, Miramas&#8230; Je r\u00e9vise la g\u00e9ographie de l&rsquo;\u00e9cole primaire !<br \/><br \/>Vitrolles ! Je  vois tr\u00e8s vite qu&rsquo;il n&rsquo;y a visiblement aucun des agents promis sur le quai. Ma m\u00e8re se pr\u00e9cipite vers le wagon que je lui avais indiqu\u00e9, fait de grands gestes sur le quai pour alerter le conducteur ou un agent&#8230; Personne&#8230;<br \/>J&rsquo;aper\u00e7ois le bouton pour d\u00e9plier la rampe entre le train et le quai. Je ne peux pas acc\u00e9der \u00e0 ce bouton, je fais signe \u00e0 ma m\u00e8re qui appuie. La rampe se d\u00e9ploie et je suis lib\u00e9r\u00e9e avant que le train ne parte vers Marseille. Nous sortons de la gare sans croiser absolument aucun agent&#8230; <br \/><br \/>Et quelques jours plus tard, je re\u00e7ois un email de la SNCF me disant que mon justificatif de voyages est en ligne et je me suis dit que peut-\u00eatre je pourrais m&rsquo;en servir pour demander un remboursement&#8230; Et j&rsquo;ai alors d\u00e9couvert que la SNCF et moi n&rsquo;avons pas v\u00e9cu le m\u00eame voyage&#8230;<\/p>\n\n\n\n<p><br \/>Voil\u00e0 mon voyage en pratique<\/p>\n\n\n\n<figure class=\"wp-block-image size-large is-resized is-style-default\"><img loading=\"lazy\" decoding=\"async\" src=\"https:\/\/blog-enrouelibre.fr\/wp-content\/uploads\/2023\/07\/billet-1024x768.png\" alt=\"\" class=\"wp-image-1411\" width=\"669\" height=\"501\" srcset=\"https:\/\/blog-enrouelibre.fr\/wp-content\/uploads\/2023\/07\/billet-1024x768.png?v=1723622564 1024w, https:\/\/blog-enrouelibre.fr\/wp-content\/uploads\/2023\/07\/billet-300x225.png?v=1723622564 300w, https:\/\/blog-enrouelibre.fr\/wp-content\/uploads\/2023\/07\/billet-768x576.png?v=1723622564 768w, https:\/\/blog-enrouelibre.fr\/wp-content\/uploads\/2023\/07\/billet-1536x1152.png?v=1723622564 1536w, https:\/\/blog-enrouelibre.fr\/wp-content\/uploads\/2023\/07\/billet-1320x990.png?v=1723622564 1320w, https:\/\/blog-enrouelibre.fr\/wp-content\/uploads\/2023\/07\/billet.png?v=1723622564 2048w\" sizes=\"(max-width: 669px) 100vw, 669px\" \/><\/figure>\n\n\n\n<p>Et voil\u00e0 le voyage selon la th\u00e9orie SNCF :<\/p>\n\n\n\n<figure class=\"wp-block-image size-large is-style-default\"><img loading=\"lazy\" decoding=\"async\" width=\"1024\" height=\"738\" src=\"https:\/\/blog-enrouelibre.fr\/wp-content\/uploads\/2023\/07\/sncf-1024x738.png?v=1690041341\" alt=\"\" class=\"wp-image-1412\" srcset=\"https:\/\/blog-enrouelibre.fr\/wp-content\/uploads\/2023\/07\/sncf-1024x738.png?v=1723622563 1024w, https:\/\/blog-enrouelibre.fr\/wp-content\/uploads\/2023\/07\/sncf-300x216.png?v=1723622563 300w, https:\/\/blog-enrouelibre.fr\/wp-content\/uploads\/2023\/07\/sncf-768x554.png?v=1723622563 768w, https:\/\/blog-enrouelibre.fr\/wp-content\/uploads\/2023\/07\/sncf-1536x1107.png?v=1723622563 1536w, https:\/\/blog-enrouelibre.fr\/wp-content\/uploads\/2023\/07\/sncf-1320x951.png?v=1723622563 1320w, https:\/\/blog-enrouelibre.fr\/wp-content\/uploads\/2023\/07\/sncf.png?v=1723622563 2002w\" sizes=\"(max-width: 1024px) 100vw, 1024px\" \/><\/figure>\n\n\n\n<p>Ainsi selon le site de la SNCF, le TER Grenoble &#8211; Valence TGV est arriv\u00e9 \u00e0 rattraper 10 minutes de retard et je suis arriv\u00e9e \u00e0 l&rsquo;heure \u00e0 Aix en Provence TGV&#8230;<\/p>\n\n\n\n<blockquote class=\"wp-block-quote has-text-align-center is-layout-flow wp-block-quote-is-layout-flow\"><p>Qui croire?<\/p><\/blockquote>\n\n\n\n<div class=\"wp-block-image is-style-default\"><figure class=\"aligncenter size-full\"><img loading=\"lazy\" decoding=\"async\" width=\"454\" height=\"733\" src=\"https:\/\/blog-enrouelibre.fr\/wp-content\/uploads\/2023\/07\/Capture-de\u0301cran-2023-07-23-a\u0300-16.24.06.png\" alt=\"\" class=\"wp-image-1418\" srcset=\"https:\/\/blog-enrouelibre.fr\/wp-content\/uploads\/2023\/07\/Capture-de\u0301cran-2023-07-23-a\u0300-16.24.06.png?v=1723622561 454w, https:\/\/blog-enrouelibre.fr\/wp-content\/uploads\/2023\/07\/Capture-de\u0301cran-2023-07-23-a\u0300-16.24.06-186x300.png?v=1723622561 186w\" sizes=\"(max-width: 454px) 100vw, 454px\" \/><figcaption>Cr\u00e9dit : Agence Havas Conseil (<a href=\"https:\/\/openarchives.sncf.com\/archive\/afftgv1\">Open Archives SNCF<\/a>)<\/figcaption><\/figure><\/div>\n\n<!-- Facebook Like Button v1.9.6 BEGIN [http:\/\/blog.bottomlessinc.com] -->\n<iframe src=\"http:\/\/www.facebook.com\/plugins\/like.php?href=https%3A%2F%2Fblog-enrouelibre.fr%2F%3Fp%3D1408&amp;layout=standard&amp;show_faces=false&amp;width=450&amp;action=like&amp;colorscheme=light\" scrolling=\"no\" frameborder=\"0\" allowTransparency=\"true\" style=\"border:none; overflow:hidden; width:450px; height: 30px; align: left; margin: 2px 0px 2px 0px\"><\/iframe>\n<!-- Facebook Like Button END -->\n","protected":false},"excerpt":{"rendered":"<p>Certains lecteurs du blog s&rsquo;inqui\u00e9taient du peu de nouvelles de mes voyages avec la SNCF&#8230; Voil\u00e0 de quoi les rassurer. Lundi je devais faire le classique Grenoble &#8211; Aix en Provence TGV, d\u00e9part \u00e0 12h30 arriv\u00e9e \u00e0 14h49, avec un &hellip; <a href=\"https:\/\/blog-enrouelibre.fr\/?p=1408\">Continuer la lecture <span class=\"meta-nav\">&rarr;<\/span><\/a><\/p>\n","protected":false},"author":1,"featured_media":0,"comment_status":"open","ping_status":"open","sticky":false,"template":"","format":"standard","meta":{"_exactmetrics_skip_tracking":false,"_exactmetrics_sitenote_active":false,"_exactmetrics_sitenote_note":"","_exactmetrics_sitenote_category":0,"_uf_show_specific_survey":0,"_uf_disable_surveys":false,"footnotes":""},"categories":[18,17],"tags":[33,21,19],"aioseo_notices":[],"yoast_head":"<!-- This site is optimized with the Yoast SEO plugin v22.7 - https:\/\/yoast.com\/wordpress\/plugins\/seo\/ -->\n<title>SNCF : La th\u00e9orie et la pratique -<\/title>\n<meta name=\"robots\" content=\"index, follow, max-snippet:-1, max-image-preview:large, max-video-preview:-1\" \/>\n<link rel=\"canonical\" href=\"https:\/\/blog-enrouelibre.fr\/?p=1408\" \/>\n<meta property=\"og:locale\" content=\"fr_FR\" \/>\n<meta property=\"og:type\" content=\"article\" \/>\n<meta property=\"og:title\" content=\"SNCF : La th\u00e9orie et la pratique -\" \/>\n<meta property=\"og:description\" content=\"Certains lecteurs du blog s&rsquo;inqui\u00e9taient du peu de nouvelles de mes voyages avec la SNCF&#8230; Voil\u00e0 de quoi les rassurer. Lundi je devais faire le classique Grenoble &#8211; Aix en Provence TGV, d\u00e9part \u00e0 12h30 arriv\u00e9e \u00e0 14h49, avec un &hellip; Continuer la lecture &rarr;\" \/>\n<meta property=\"og:url\" content=\"https:\/\/blog-enrouelibre.fr\/?p=1408\" \/>\n<meta property=\"article:published_time\" content=\"2023-07-23T14:30:28+00:00\" \/>\n<meta property=\"article:modified_time\" content=\"2023-07-23T14:30:30+00:00\" \/>\n<meta property=\"og:image\" content=\"http:\/\/blog-enrouelibre.fr\/wp-content\/uploads\/2023\/07\/parcours.png\" \/>\n<meta name=\"author\" content=\"Emmanuelle\" \/>\n<meta name=\"twitter:card\" content=\"summary_large_image\" \/>\n<meta name=\"twitter:label1\" content=\"\u00c9crit par\" \/>\n\t<meta name=\"twitter:data1\" content=\"Emmanuelle\" \/>\n\t<meta name=\"twitter:label2\" content=\"Dur\u00e9e de lecture estim\u00e9e\" \/>\n\t<meta name=\"twitter:data2\" content=\"4 minutes\" \/>\n<script type=\"application\/ld+json\" class=\"yoast-schema-graph\">{\"@context\":\"https:\/\/schema.org\",\"@graph\":[{\"@type\":\"WebPage\",\"@id\":\"https:\/\/blog-enrouelibre.fr\/?p=1408\",\"url\":\"https:\/\/blog-enrouelibre.fr\/?p=1408\",\"name\":\"SNCF : La th\u00e9orie et la pratique -\",\"isPartOf\":{\"@id\":\"http:\/\/blog-enrouelibre.fr\/#website\"},\"primaryImageOfPage\":{\"@id\":\"https:\/\/blog-enrouelibre.fr\/?p=1408#primaryimage\"},\"image\":{\"@id\":\"https:\/\/blog-enrouelibre.fr\/?p=1408#primaryimage\"},\"thumbnailUrl\":\"http:\/\/blog-enrouelibre.fr\/wp-content\/uploads\/2023\/07\/parcours.png\",\"datePublished\":\"2023-07-23T14:30:28+00:00\",\"dateModified\":\"2023-07-23T14:30:30+00:00\",\"author\":{\"@id\":\"http:\/\/blog-enrouelibre.fr\/#\/schema\/person\/479c0558757f99ea166004eb4a192e88\"},\"breadcrumb\":{\"@id\":\"https:\/\/blog-enrouelibre.fr\/?p=1408#breadcrumb\"},\"inLanguage\":\"fr-FR\",\"potentialAction\":[{\"@type\":\"ReadAction\",\"target\":[\"https:\/\/blog-enrouelibre.fr\/?p=1408\"]}]},{\"@type\":\"ImageObject\",\"inLanguage\":\"fr-FR\",\"@id\":\"https:\/\/blog-enrouelibre.fr\/?p=1408#primaryimage\",\"url\":\"https:\/\/blog-enrouelibre.fr\/wp-content\/uploads\/2023\/07\/parcours.png?v=1723622564\",\"contentUrl\":\"https:\/\/blog-enrouelibre.fr\/wp-content\/uploads\/2023\/07\/parcours.png?v=1723622564\",\"width\":425,\"height\":526},{\"@type\":\"BreadcrumbList\",\"@id\":\"https:\/\/blog-enrouelibre.fr\/?p=1408#breadcrumb\",\"itemListElement\":[{\"@type\":\"ListItem\",\"position\":1,\"name\":\"Accueil\",\"item\":\"http:\/\/blog-enrouelibre.fr\/\"},{\"@type\":\"ListItem\",\"position\":2,\"name\":\"SNCF : La th\u00e9orie et la pratique\"}]},{\"@type\":\"WebSite\",\"@id\":\"http:\/\/blog-enrouelibre.fr\/#website\",\"url\":\"http:\/\/blog-enrouelibre.fr\/\",\"name\":\"\",\"description\":\"\",\"potentialAction\":[{\"@type\":\"SearchAction\",\"target\":{\"@type\":\"EntryPoint\",\"urlTemplate\":\"http:\/\/blog-enrouelibre.fr\/?s={search_term_string}\"},\"query-input\":\"required name=search_term_string\"}],\"inLanguage\":\"fr-FR\"},{\"@type\":\"Person\",\"@id\":\"http:\/\/blog-enrouelibre.fr\/#\/schema\/person\/479c0558757f99ea166004eb4a192e88\",\"name\":\"Emmanuelle\",\"image\":{\"@type\":\"ImageObject\",\"inLanguage\":\"fr-FR\",\"@id\":\"http:\/\/blog-enrouelibre.fr\/#\/schema\/person\/image\/\",\"url\":\"https:\/\/secure.gravatar.com\/avatar\/d0126598ce98342c32226c69e696e3fa?s=96&d=mm&r=g\",\"contentUrl\":\"https:\/\/secure.gravatar.com\/avatar\/d0126598ce98342c32226c69e696e3fa?s=96&d=mm&r=g\",\"caption\":\"Emmanuelle\"},\"url\":\"https:\/\/blog-enrouelibre.fr\/?author=1\"}]}<\/script>\n<!-- \/ Yoast SEO plugin. -->","yoast_head_json":{"title":"SNCF : La th\u00e9orie et la pratique -","robots":{"index":"index","follow":"follow","max-snippet":"max-snippet:-1","max-image-preview":"max-image-preview:large","max-video-preview":"max-video-preview:-1"},"canonical":"https:\/\/blog-enrouelibre.fr\/?p=1408","og_locale":"fr_FR","og_type":"article","og_title":"SNCF : La th\u00e9orie et la pratique -","og_description":"Certains lecteurs du blog s&rsquo;inqui\u00e9taient du peu de nouvelles de mes voyages avec la SNCF&#8230; Voil\u00e0 de quoi les rassurer. Lundi je devais faire le classique Grenoble &#8211; Aix en Provence TGV, d\u00e9part \u00e0 12h30 arriv\u00e9e \u00e0 14h49, avec un &hellip; Continuer la lecture &rarr;","og_url":"https:\/\/blog-enrouelibre.fr\/?p=1408","article_published_time":"2023-07-23T14:30:28+00:00","article_modified_time":"2023-07-23T14:30:30+00:00","og_image":[{"url":"http:\/\/blog-enrouelibre.fr\/wp-content\/uploads\/2023\/07\/parcours.png"}],"author":"Emmanuelle","twitter_card":"summary_large_image","twitter_misc":{"\u00c9crit par":"Emmanuelle","Dur\u00e9e de lecture estim\u00e9e":"4 minutes"},"schema":{"@context":"https:\/\/schema.org","@graph":[{"@type":"WebPage","@id":"https:\/\/blog-enrouelibre.fr\/?p=1408","url":"https:\/\/blog-enrouelibre.fr\/?p=1408","name":"SNCF : La th\u00e9orie et la pratique -","isPartOf":{"@id":"http:\/\/blog-enrouelibre.fr\/#website"},"primaryImageOfPage":{"@id":"https:\/\/blog-enrouelibre.fr\/?p=1408#primaryimage"},"image":{"@id":"https:\/\/blog-enrouelibre.fr\/?p=1408#primaryimage"},"thumbnailUrl":"http:\/\/blog-enrouelibre.fr\/wp-content\/uploads\/2023\/07\/parcours.png","datePublished":"2023-07-23T14:30:28+00:00","dateModified":"2023-07-23T14:30:30+00:00","author":{"@id":"http:\/\/blog-enrouelibre.fr\/#\/schema\/person\/479c0558757f99ea166004eb4a192e88"},"breadcrumb":{"@id":"https:\/\/blog-enrouelibre.fr\/?p=1408#breadcrumb"},"inLanguage":"fr-FR","potentialAction":[{"@type":"ReadAction","target":["https:\/\/blog-enrouelibre.fr\/?p=1408"]}]},{"@type":"ImageObject","inLanguage":"fr-FR","@id":"https:\/\/blog-enrouelibre.fr\/?p=1408#primaryimage","url":"https:\/\/blog-enrouelibre.fr\/wp-content\/uploads\/2023\/07\/parcours.png?v=1723622564","contentUrl":"https:\/\/blog-enrouelibre.fr\/wp-content\/uploads\/2023\/07\/parcours.png?v=1723622564","width":425,"height":526},{"@type":"BreadcrumbList","@id":"https:\/\/blog-enrouelibre.fr\/?p=1408#breadcrumb","itemListElement":[{"@type":"ListItem","position":1,"name":"Accueil","item":"http:\/\/blog-enrouelibre.fr\/"},{"@type":"ListItem","position":2,"name":"SNCF : La th\u00e9orie et la pratique"}]},{"@type":"WebSite","@id":"http:\/\/blog-enrouelibre.fr\/#website","url":"http:\/\/blog-enrouelibre.fr\/","name":"","description":"","potentialAction":[{"@type":"SearchAction","target":{"@type":"EntryPoint","urlTemplate":"http:\/\/blog-enrouelibre.fr\/?s={search_term_string}"},"query-input":"required name=search_term_string"}],"inLanguage":"fr-FR"},{"@type":"Person","@id":"http:\/\/blog-enrouelibre.fr\/#\/schema\/person\/479c0558757f99ea166004eb4a192e88","name":"Emmanuelle","image":{"@type":"ImageObject","inLanguage":"fr-FR","@id":"http:\/\/blog-enrouelibre.fr\/#\/schema\/person\/image\/","url":"https:\/\/secure.gravatar.com\/avatar\/d0126598ce98342c32226c69e696e3fa?s=96&d=mm&r=g","contentUrl":"https:\/\/secure.gravatar.com\/avatar\/d0126598ce98342c32226c69e696e3fa?s=96&d=mm&r=g","caption":"Emmanuelle"},"url":"https:\/\/blog-enrouelibre.fr\/?author=1"}]}},"_links":{"self":[{"href":"https:\/\/blog-enrouelibre.fr\/index.php?rest_route=\/wp\/v2\/posts\/1408"}],"collection":[{"href":"https:\/\/blog-enrouelibre.fr\/index.php?rest_route=\/wp\/v2\/posts"}],"about":[{"href":"https:\/\/blog-enrouelibre.fr\/index.php?rest_route=\/wp\/v2\/types\/post"}],"author":[{"embeddable":true,"href":"https:\/\/blog-enrouelibre.fr\/index.php?rest_route=\/wp\/v2\/users\/1"}],"replies":[{"embeddable":true,"href":"https:\/\/blog-enrouelibre.fr\/index.php?rest_route=%2Fwp%2Fv2%2Fcomments&post=1408"}],"version-history":[{"count":3,"href":"https:\/\/blog-enrouelibre.fr\/index.php?rest_route=\/wp\/v2\/posts\/1408\/revisions"}],"predecessor-version":[{"id":1419,"href":"https:\/\/blog-enrouelibre.fr\/index.php?rest_route=\/wp\/v2\/posts\/1408\/revisions\/1419"}],"wp:attachment":[{"href":"https:\/\/blog-enrouelibre.fr\/index.php?rest_route=%2Fwp%2Fv2%2Fmedia&parent=1408"}],"wp:term":[{"taxonomy":"category","embeddable":true,"href":"https:\/\/blog-enrouelibre.fr\/index.php?rest_route=%2Fwp%2Fv2%2Fcategories&post=1408"},{"taxonomy":"post_tag","embeddable":true,"href":"https:\/\/blog-enrouelibre.fr\/index.php?rest_route=%2Fwp%2Fv2%2Ftags&post=1408"}],"curies":[{"name":"wp","href":"https:\/\/api.w.org\/{rel}","templated":true}]}}