{"id":816,"date":"2015-03-14T15:41:22","date_gmt":"2015-03-14T13:41:22","guid":{"rendered":"http:\/\/blog-enrouelibre.fr\/?p=816"},"modified":"2015-03-14T17:03:29","modified_gmt":"2015-03-14T15:03:29","slug":"encore-un-pour-lintegration-scolaire-mais","status":"publish","type":"post","link":"https:\/\/blog-enrouelibre.fr\/?p=816","title":{"rendered":"Encore \u00ab\u00a0un pour l&rsquo;int\u00e9gration scolaire mais&#8230;\u00a0\u00bb"},"content":{"rendered":"<p>Hier, pendant la matinale de France Info, Nicolas Sarkozy a \u00e9t\u00e9 invit\u00e9 3\/4h. Apr\u00e8s un interview, il a d\u00fb r\u00e9pondre \u00e0 des questions d&rsquo;auditeurs. Et pour une fois, on lui a pos\u00e9 une question sur la situation des personnes handicap\u00e9es. Il a donn\u00e9 une r\u00e9ponse classique sans grand int\u00e9r\u00eat. L\u00e0 o\u00f9 j&rsquo;ai commenc\u00e9 \u00e0 tiquer, c&rsquo;est \u00e0 partir du moment o\u00f9 il a commenc\u00e9 \u00e0 expliquer qu&rsquo;il \u00e9tait pour l&rsquo;int\u00e9gration scolaire des enfants handicap\u00e9s, mais&#8230;<\/p>\n<p>N. Sarkozy a alors racont\u00e9 qu&rsquo;il avait rencontr\u00e9 un maire devant rendre accessible les 11 \u00e9coles de la commune. Et selon l&rsquo;ex-Pr\u00e9sident, \u00ab\u00a0faire 11 ascenseurs n&rsquo;a pas de sens\u00a0\u00bb et qu&rsquo;il faudrait plut\u00f4t am\u00e9nager uniquement 2 \u00e9coles et supprimer la Carte Scolaire pour les enfants handicap\u00e9s. J&rsquo;ai \u00e9t\u00e9 d\u00e9\u00e7ue que personne n&rsquo;ait r\u00e9agi ni pendant ni apr\u00e8s. En effet, c&rsquo;est s\u00fbr qu&rsquo;am\u00e9nager 11 \u00e9coles demande un certain budget. Cependant, regrouper tous les enfants handicap\u00e9s de la ville dans 2 \u00e9coles est discutable :<\/p>\n<p>1) les parents ont autre chose \u00e0 faire qu&rsquo;amener leur enfant \u00e0 l&rsquo;\u00e9cole \u00e0 l&rsquo;autre bout de la ville. Une demande de transport scolaire adapt\u00e9 est synonyme d&rsquo;un \u00e9ni\u00e8me dossier \u00e0 monter.<\/p>\n<p>2) on couperait les enfants de la vie de quartier, ils ne seraient pas dans la m\u00eame \u00e9cole que leurs voisins&#8230;<\/p>\n<p>3) ces 2 \u00e9coles seraient estampill\u00e9es \u00ab\u00a0\u00e9coles des handis\u00a0\u00bb et on peut imaginer les d\u00e9rives de la part de certains parents avec une tol\u00e9rance d&rsquo;un niveau particulier (eh oui, il y en a toujours).<\/p>\n<p>Et de fa\u00e7on g\u00e9n\u00e9rale, \u00e7a contredit l&rsquo;id\u00e9e de l&rsquo; \u00ab\u00a0int\u00e9gration scolaire\u00a0\u00bb.<\/p>\n<p>Enfin, il ne faut pas oublier que les ascenseurs et autres am\u00e9nagements ne sont pas qu&rsquo;utiles qu&rsquo;aux handicap\u00e9s, pensons aux jambes cass\u00e9es et autres, aux cartons de manuels scolaires \u00e0 monter au 2e \u00e9tage, aux parents avec des poussettes qui veulent demander un truc vite fait aux instituteurs, etc&#8230;<\/p>\n<p>Bref, Nicolas Sarkozy est donc \u00ab\u00a0pour l&rsquo;int\u00e9gration scolaire mais\u00a0\u00bb&#8230; Et le manque de r\u00e9action a encore \u00a0\u00e9t\u00e9 flagrant&#8230;<\/p>\n<p>Vous retrouverez ses propos via ce <a href=\"http:\/\/www.dailymotion.com\/video\/x2je8ti_nicolas-sarkozy-repond-aux-auditeurs-du-forum-france-bleu-france-info_news\">lien<\/a>\u00a0\u00e0 partir de 3min43, il continue d&rsquo;ailleurs sur la m\u00eame lanc\u00e9e pour l&rsquo;accessibilit\u00e9 des HLM, etc. Je suis contre l&rsquo;extr\u00e9misme de l&rsquo;accessibilit\u00e9, c&rsquo;est-\u00e0-dire exiger qu&rsquo;on am\u00e9nage tous les b\u00e2timents historiques etc, mais am\u00e9nager les \u00e9coles et les HLM est quand m\u00eame le minimum pour int\u00e9grer les personnes handicap\u00e9es!<\/p>\n<p><a href=\"http:\/\/www.franceinfo.fr\/sites\/default\/files\/styles\/mea_635x357\/public\/asset\/images\/2015\/03\/sarkozy_0.jpg?itok=Mut-Qxkn\"><img loading=\"lazy\" decoding=\"async\" class=\"aligncenter\" alt=\"\" src=\"http:\/\/www.franceinfo.fr\/sites\/default\/files\/styles\/mea_635x357\/public\/asset\/images\/2015\/03\/sarkozy_0.jpg?itok=Mut-Qxkn\" width=\"635\" height=\"357\" \/><\/a>PS : am\u00e9nager \u00ab\u00a011 \u00e9coles\u00a0\u00bb ne signifie pas non plus \u00ab\u00a011 ascenseurs\u00a0\u00bb. Les classes des \u00e9l\u00e8ves handicap\u00e9s peuvent \u00eatre au rez-de-chauss\u00e9e et des rampes suffisent.<\/p>\n<p>&nbsp;<\/p>\n<p>&nbsp;<\/p>\n\n<!-- Facebook Like Button v1.9.6 BEGIN [http:\/\/blog.bottomlessinc.com] -->\n<iframe src=\"http:\/\/www.facebook.com\/plugins\/like.php?href=https%3A%2F%2Fblog-enrouelibre.fr%2F%3Fp%3D816&amp;layout=standard&amp;show_faces=false&amp;width=450&amp;action=like&amp;colorscheme=light\" scrolling=\"no\" frameborder=\"0\" allowTransparency=\"true\" style=\"border:none; overflow:hidden; width:450px; height: 30px; align: left; margin: 2px 0px 2px 0px\"><\/iframe>\n<!-- Facebook Like Button END -->\n","protected":false},"excerpt":{"rendered":"<p>Hier, pendant la matinale de France Info, Nicolas Sarkozy a \u00e9t\u00e9 invit\u00e9 3\/4h. Apr\u00e8s un interview, il a d\u00fb r\u00e9pondre \u00e0 des questions d&rsquo;auditeurs. Et pour une fois, on lui a pos\u00e9 une question sur la situation des personnes handicap\u00e9es. &hellip; <a href=\"https:\/\/blog-enrouelibre.fr\/?p=816\">Continuer la lecture <span class=\"meta-nav\">&rarr;<\/span><\/a><\/p>\n","protected":false},"author":1,"featured_media":0,"comment_status":"open","ping_status":"open","sticky":false,"template":"","format":"standard","meta":{"_exactmetrics_skip_tracking":false,"_exactmetrics_sitenote_active":false,"_exactmetrics_sitenote_note":"","_exactmetrics_sitenote_category":0,"_uf_show_specific_survey":0,"_uf_disable_surveys":false,"footnotes":""},"categories":[30,48],"tags":[31,138,118,139],"aioseo_notices":[],"yoast_head":"<!-- This site is optimized with the Yoast SEO plugin v22.7 - https:\/\/yoast.com\/wordpress\/plugins\/seo\/ -->\n<title>Encore &quot;un pour l&#039;int\u00e9gration scolaire mais...&quot; -<\/title>\n<meta name=\"robots\" content=\"index, follow, max-snippet:-1, max-image-preview:large, max-video-preview:-1\" \/>\n<link rel=\"canonical\" href=\"https:\/\/blog-enrouelibre.fr\/?p=816\" \/>\n<meta property=\"og:locale\" content=\"fr_FR\" \/>\n<meta property=\"og:type\" content=\"article\" \/>\n<meta property=\"og:title\" content=\"Encore &quot;un pour l&#039;int\u00e9gration scolaire mais...&quot; -\" \/>\n<meta property=\"og:description\" content=\"Hier, pendant la matinale de France Info, Nicolas Sarkozy a \u00e9t\u00e9 invit\u00e9 3\/4h. Apr\u00e8s un interview, il a d\u00fb r\u00e9pondre \u00e0 des questions d&rsquo;auditeurs. Et pour une fois, on lui a pos\u00e9 une question sur la situation des personnes handicap\u00e9es. &hellip; Continuer la lecture &rarr;\" \/>\n<meta property=\"og:url\" content=\"https:\/\/blog-enrouelibre.fr\/?p=816\" \/>\n<meta property=\"article:published_time\" content=\"2015-03-14T13:41:22+00:00\" \/>\n<meta property=\"article:modified_time\" content=\"2015-03-14T15:03:29+00:00\" \/>\n<meta property=\"og:image\" content=\"http:\/\/www.franceinfo.fr\/sites\/default\/files\/styles\/mea_635x357\/public\/asset\/images\/2015\/03\/sarkozy_0.jpg?itok=Mut-Qxkn\" \/>\n<meta name=\"author\" content=\"Emmanuelle\" \/>\n<meta name=\"twitter:card\" content=\"summary_large_image\" \/>\n<meta name=\"twitter:label1\" content=\"\u00c9crit par\" \/>\n\t<meta name=\"twitter:data1\" content=\"Emmanuelle\" \/>\n\t<meta name=\"twitter:label2\" content=\"Dur\u00e9e de lecture estim\u00e9e\" \/>\n\t<meta name=\"twitter:data2\" content=\"2 minutes\" \/>\n<script type=\"application\/ld+json\" class=\"yoast-schema-graph\">{\"@context\":\"https:\/\/schema.org\",\"@graph\":[{\"@type\":\"WebPage\",\"@id\":\"https:\/\/blog-enrouelibre.fr\/?p=816\",\"url\":\"https:\/\/blog-enrouelibre.fr\/?p=816\",\"name\":\"Encore \\\"un pour l'int\u00e9gration scolaire mais...\\\" -\",\"isPartOf\":{\"@id\":\"http:\/\/blog-enrouelibre.fr\/#website\"},\"primaryImageOfPage\":{\"@id\":\"https:\/\/blog-enrouelibre.fr\/?p=816#primaryimage\"},\"image\":{\"@id\":\"https:\/\/blog-enrouelibre.fr\/?p=816#primaryimage\"},\"thumbnailUrl\":\"http:\/\/www.franceinfo.fr\/sites\/default\/files\/styles\/mea_635x357\/public\/asset\/images\/2015\/03\/sarkozy_0.jpg?itok=Mut-Qxkn\",\"datePublished\":\"2015-03-14T13:41:22+00:00\",\"dateModified\":\"2015-03-14T15:03:29+00:00\",\"author\":{\"@id\":\"http:\/\/blog-enrouelibre.fr\/#\/schema\/person\/479c0558757f99ea166004eb4a192e88\"},\"breadcrumb\":{\"@id\":\"https:\/\/blog-enrouelibre.fr\/?p=816#breadcrumb\"},\"inLanguage\":\"fr-FR\",\"potentialAction\":[{\"@type\":\"ReadAction\",\"target\":[\"https:\/\/blog-enrouelibre.fr\/?p=816\"]}]},{\"@type\":\"ImageObject\",\"inLanguage\":\"fr-FR\",\"@id\":\"https:\/\/blog-enrouelibre.fr\/?p=816#primaryimage\",\"url\":\"http:\/\/www.franceinfo.fr\/sites\/default\/files\/styles\/mea_635x357\/public\/asset\/images\/2015\/03\/sarkozy_0.jpg?itok=Mut-Qxkn\",\"contentUrl\":\"http:\/\/www.franceinfo.fr\/sites\/default\/files\/styles\/mea_635x357\/public\/asset\/images\/2015\/03\/sarkozy_0.jpg?itok=Mut-Qxkn\"},{\"@type\":\"BreadcrumbList\",\"@id\":\"https:\/\/blog-enrouelibre.fr\/?p=816#breadcrumb\",\"itemListElement\":[{\"@type\":\"ListItem\",\"position\":1,\"name\":\"Accueil\",\"item\":\"http:\/\/blog-enrouelibre.fr\/\"},{\"@type\":\"ListItem\",\"position\":2,\"name\":\"Encore \u00ab\u00a0un pour l&rsquo;int\u00e9gration scolaire mais&#8230;\u00a0\u00bb\"}]},{\"@type\":\"WebSite\",\"@id\":\"http:\/\/blog-enrouelibre.fr\/#website\",\"url\":\"http:\/\/blog-enrouelibre.fr\/\",\"name\":\"\",\"description\":\"\",\"potentialAction\":[{\"@type\":\"SearchAction\",\"target\":{\"@type\":\"EntryPoint\",\"urlTemplate\":\"http:\/\/blog-enrouelibre.fr\/?s={search_term_string}\"},\"query-input\":\"required name=search_term_string\"}],\"inLanguage\":\"fr-FR\"},{\"@type\":\"Person\",\"@id\":\"http:\/\/blog-enrouelibre.fr\/#\/schema\/person\/479c0558757f99ea166004eb4a192e88\",\"name\":\"Emmanuelle\",\"image\":{\"@type\":\"ImageObject\",\"inLanguage\":\"fr-FR\",\"@id\":\"http:\/\/blog-enrouelibre.fr\/#\/schema\/person\/image\/\",\"url\":\"https:\/\/secure.gravatar.com\/avatar\/d0126598ce98342c32226c69e696e3fa?s=96&d=mm&r=g\",\"contentUrl\":\"https:\/\/secure.gravatar.com\/avatar\/d0126598ce98342c32226c69e696e3fa?s=96&d=mm&r=g\",\"caption\":\"Emmanuelle\"},\"url\":\"https:\/\/blog-enrouelibre.fr\/?author=1\"}]}<\/script>\n<!-- \/ Yoast SEO plugin. -->","yoast_head_json":{"title":"Encore \"un pour l'int\u00e9gration scolaire mais...\" -","robots":{"index":"index","follow":"follow","max-snippet":"max-snippet:-1","max-image-preview":"max-image-preview:large","max-video-preview":"max-video-preview:-1"},"canonical":"https:\/\/blog-enrouelibre.fr\/?p=816","og_locale":"fr_FR","og_type":"article","og_title":"Encore \"un pour l'int\u00e9gration scolaire mais...\" -","og_description":"Hier, pendant la matinale de France Info, Nicolas Sarkozy a \u00e9t\u00e9 invit\u00e9 3\/4h. Apr\u00e8s un interview, il a d\u00fb r\u00e9pondre \u00e0 des questions d&rsquo;auditeurs. Et pour une fois, on lui a pos\u00e9 une question sur la situation des personnes handicap\u00e9es. &hellip; Continuer la lecture &rarr;","og_url":"https:\/\/blog-enrouelibre.fr\/?p=816","article_published_time":"2015-03-14T13:41:22+00:00","article_modified_time":"2015-03-14T15:03:29+00:00","og_image":[{"url":"http:\/\/www.franceinfo.fr\/sites\/default\/files\/styles\/mea_635x357\/public\/asset\/images\/2015\/03\/sarkozy_0.jpg?itok=Mut-Qxkn"}],"author":"Emmanuelle","twitter_card":"summary_large_image","twitter_misc":{"\u00c9crit par":"Emmanuelle","Dur\u00e9e de lecture estim\u00e9e":"2 minutes"},"schema":{"@context":"https:\/\/schema.org","@graph":[{"@type":"WebPage","@id":"https:\/\/blog-enrouelibre.fr\/?p=816","url":"https:\/\/blog-enrouelibre.fr\/?p=816","name":"Encore \"un pour l'int\u00e9gration scolaire mais...\" -","isPartOf":{"@id":"http:\/\/blog-enrouelibre.fr\/#website"},"primaryImageOfPage":{"@id":"https:\/\/blog-enrouelibre.fr\/?p=816#primaryimage"},"image":{"@id":"https:\/\/blog-enrouelibre.fr\/?p=816#primaryimage"},"thumbnailUrl":"http:\/\/www.franceinfo.fr\/sites\/default\/files\/styles\/mea_635x357\/public\/asset\/images\/2015\/03\/sarkozy_0.jpg?itok=Mut-Qxkn","datePublished":"2015-03-14T13:41:22+00:00","dateModified":"2015-03-14T15:03:29+00:00","author":{"@id":"http:\/\/blog-enrouelibre.fr\/#\/schema\/person\/479c0558757f99ea166004eb4a192e88"},"breadcrumb":{"@id":"https:\/\/blog-enrouelibre.fr\/?p=816#breadcrumb"},"inLanguage":"fr-FR","potentialAction":[{"@type":"ReadAction","target":["https:\/\/blog-enrouelibre.fr\/?p=816"]}]},{"@type":"ImageObject","inLanguage":"fr-FR","@id":"https:\/\/blog-enrouelibre.fr\/?p=816#primaryimage","url":"http:\/\/www.franceinfo.fr\/sites\/default\/files\/styles\/mea_635x357\/public\/asset\/images\/2015\/03\/sarkozy_0.jpg?itok=Mut-Qxkn","contentUrl":"http:\/\/www.franceinfo.fr\/sites\/default\/files\/styles\/mea_635x357\/public\/asset\/images\/2015\/03\/sarkozy_0.jpg?itok=Mut-Qxkn"},{"@type":"BreadcrumbList","@id":"https:\/\/blog-enrouelibre.fr\/?p=816#breadcrumb","itemListElement":[{"@type":"ListItem","position":1,"name":"Accueil","item":"http:\/\/blog-enrouelibre.fr\/"},{"@type":"ListItem","position":2,"name":"Encore \u00ab\u00a0un pour l&rsquo;int\u00e9gration scolaire mais&#8230;\u00a0\u00bb"}]},{"@type":"WebSite","@id":"http:\/\/blog-enrouelibre.fr\/#website","url":"http:\/\/blog-enrouelibre.fr\/","name":"","description":"","potentialAction":[{"@type":"SearchAction","target":{"@type":"EntryPoint","urlTemplate":"http:\/\/blog-enrouelibre.fr\/?s={search_term_string}"},"query-input":"required name=search_term_string"}],"inLanguage":"fr-FR"},{"@type":"Person","@id":"http:\/\/blog-enrouelibre.fr\/#\/schema\/person\/479c0558757f99ea166004eb4a192e88","name":"Emmanuelle","image":{"@type":"ImageObject","inLanguage":"fr-FR","@id":"http:\/\/blog-enrouelibre.fr\/#\/schema\/person\/image\/","url":"https:\/\/secure.gravatar.com\/avatar\/d0126598ce98342c32226c69e696e3fa?s=96&d=mm&r=g","contentUrl":"https:\/\/secure.gravatar.com\/avatar\/d0126598ce98342c32226c69e696e3fa?s=96&d=mm&r=g","caption":"Emmanuelle"},"url":"https:\/\/blog-enrouelibre.fr\/?author=1"}]}},"_links":{"self":[{"href":"https:\/\/blog-enrouelibre.fr\/index.php?rest_route=\/wp\/v2\/posts\/816"}],"collection":[{"href":"https:\/\/blog-enrouelibre.fr\/index.php?rest_route=\/wp\/v2\/posts"}],"about":[{"href":"https:\/\/blog-enrouelibre.fr\/index.php?rest_route=\/wp\/v2\/types\/post"}],"author":[{"embeddable":true,"href":"https:\/\/blog-enrouelibre.fr\/index.php?rest_route=\/wp\/v2\/users\/1"}],"replies":[{"embeddable":true,"href":"https:\/\/blog-enrouelibre.fr\/index.php?rest_route=%2Fwp%2Fv2%2Fcomments&post=816"}],"version-history":[{"count":7,"href":"https:\/\/blog-enrouelibre.fr\/index.php?rest_route=\/wp\/v2\/posts\/816\/revisions"}],"predecessor-version":[{"id":824,"href":"https:\/\/blog-enrouelibre.fr\/index.php?rest_route=\/wp\/v2\/posts\/816\/revisions\/824"}],"wp:attachment":[{"href":"https:\/\/blog-enrouelibre.fr\/index.php?rest_route=%2Fwp%2Fv2%2Fmedia&parent=816"}],"wp:term":[{"taxonomy":"category","embeddable":true,"href":"https:\/\/blog-enrouelibre.fr\/index.php?rest_route=%2Fwp%2Fv2%2Fcategories&post=816"},{"taxonomy":"post_tag","embeddable":true,"href":"https:\/\/blog-enrouelibre.fr\/index.php?rest_route=%2Fwp%2Fv2%2Ftags&post=816"}],"curies":[{"name":"wp","href":"https:\/\/api.w.org\/{rel}","templated":true}]}}