{"id":897,"date":"2016-09-24T10:59:27","date_gmt":"2016-09-24T08:59:27","guid":{"rendered":"http:\/\/blog-enrouelibre.fr\/?p=897"},"modified":"2016-09-24T11:01:20","modified_gmt":"2016-09-24T09:01:20","slug":"un-sac-sur-mesure-sil-vous-plait","status":"publish","type":"post","link":"https:\/\/blog-enrouelibre.fr\/?p=897","title":{"rendered":"Un sac sur mesure, s&rsquo;il vous pla\u00eet."},"content":{"rendered":"<p>Bonjour,<\/p>\n<p>Je suis d\u00e9sol\u00e9e, <a title=\"En roue libre\u2026 O\u00f9 \u00e7a???\" href=\"https:\/\/blog-enrouelibre.fr\/?p=890\" target=\"_blank\">toujours pas d&rsquo;aventure tr\u00e9pidante<\/a>, mais une petite nouveaut\u00e9 c\u00f4t\u00e9 mode! Il y a 3 ans (d\u00e9j\u00e0?!), je vous pr\u00e9sentais <a title=\"Nouveau sac !\" href=\"https:\/\/blog-enrouelibre.fr\/?p=475\" target=\"_blank\">un sac<\/a> que j&rsquo;avais achet\u00e9 pour accrocher au fauteuil. Aujourd&rsquo;hui, je vous pr\u00e9sente un sac fait sur mesure, pi\u00e8ce unique (comme chez Chanel) :<\/p>\n<p><a href=\"https:\/\/blog-enrouelibre.fr\/wp-content\/uploads\/2016\/09\/image1.jpg\"><img loading=\"lazy\" decoding=\"async\" class=\"aligncenter size-large wp-image-898\" alt=\"image1\" src=\"https:\/\/blog-enrouelibre.fr\/wp-content\/uploads\/2016\/09\/image1-1024x768.jpg\" width=\"640\" height=\"480\" srcset=\"https:\/\/blog-enrouelibre.fr\/wp-content\/uploads\/2016\/09\/image1-1024x768.jpg?v=1723622788 1024w, https:\/\/blog-enrouelibre.fr\/wp-content\/uploads\/2016\/09\/image1-300x225.jpg?v=1723622788 300w\" sizes=\"(max-width: 640px) 100vw, 640px\" \/><\/a> <a href=\"https:\/\/blog-enrouelibre.fr\/wp-content\/uploads\/2016\/09\/image2.jpg\"><img loading=\"lazy\" decoding=\"async\" class=\"aligncenter size-large wp-image-899\" alt=\"image2\" src=\"https:\/\/blog-enrouelibre.fr\/wp-content\/uploads\/2016\/09\/image2-e1474706692759-768x1024.jpg\" width=\"640\" height=\"853\" srcset=\"https:\/\/blog-enrouelibre.fr\/wp-content\/uploads\/2016\/09\/image2-e1474706692759-768x1024.jpg?v=1723622787 768w, https:\/\/blog-enrouelibre.fr\/wp-content\/uploads\/2016\/09\/image2-e1474706692759-225x300.jpg?v=1723622787 225w\" sizes=\"(max-width: 640px) 100vw, 640px\" \/><\/a> <a href=\"https:\/\/blog-enrouelibre.fr\/wp-content\/uploads\/2016\/09\/image3.jpg\"><img loading=\"lazy\" decoding=\"async\" class=\"aligncenter size-large wp-image-900\" alt=\"image3\" src=\"https:\/\/blog-enrouelibre.fr\/wp-content\/uploads\/2016\/09\/image3-e1474706721412-768x1024.jpg\" width=\"640\" height=\"853\" srcset=\"https:\/\/blog-enrouelibre.fr\/wp-content\/uploads\/2016\/09\/image3-e1474706721412-768x1024.jpg?v=1723622786 768w, https:\/\/blog-enrouelibre.fr\/wp-content\/uploads\/2016\/09\/image3-e1474706721412-225x300.jpg?v=1723622786 225w\" sizes=\"(max-width: 640px) 100vw, 640px\" \/><\/a><\/p>\n<p>&nbsp;<\/p>\n<p>L&rsquo;id\u00e9e \u00e9tait de faire un sac avec des fixations simples sans corde, mousqueton ou autre dans tous les sens, assez grand pour ranger tout le bazar habituel mais pas trop grand pour que je puisse atteindre le fond, restant dans le profil du fauteuil pour que je ne me cogne pas en passant chaque porte, avec une fermeture facile et bien s\u00fbr joli (et discret).<\/p>\n<p>Il fallait aussi trouver du tissu r\u00e9sistant, on nous a conseill\u00e9 du tissu pour les stores de terrasse. Il faudra v\u00e9rifier ce point avec l&rsquo;usage (quand je l&rsquo;aurai frott\u00e9 contre un mur, et tout \u00e7a \ud83d\ude09 ).<\/p>\n<p>Voil\u00e0, il ne me reste plus qu&rsquo;\u00e0 d\u00e9poussi\u00e9rer le fauteuil (ou alors je pourrais raconter que je fais des trails mais peu cr\u00e9dible en fin de th\u00e8se) et \u00e0 vous inciter \u00e0 aller admirer les cr\u00e9ations de ma copine en cliquant sur <a href=\"http:\/\/brunehilde.canalblog.com\" target=\"_blank\">ce lien<\/a> ;).<\/p>\n<p>A bient\u00f4t<\/p>\n\n<!-- Facebook Like Button v1.9.6 BEGIN [http:\/\/blog.bottomlessinc.com] -->\n<iframe src=\"http:\/\/www.facebook.com\/plugins\/like.php?href=https%3A%2F%2Fblog-enrouelibre.fr%2F%3Fp%3D897&amp;layout=standard&amp;show_faces=false&amp;width=450&amp;action=like&amp;colorscheme=light\" scrolling=\"no\" frameborder=\"0\" allowTransparency=\"true\" style=\"border:none; overflow:hidden; width:450px; height: 30px; align: left; margin: 2px 0px 2px 0px\"><\/iframe>\n<!-- Facebook Like Button END -->\n","protected":false},"excerpt":{"rendered":"<p>Bonjour, Je suis d\u00e9sol\u00e9e, toujours pas d&rsquo;aventure tr\u00e9pidante, mais une petite nouveaut\u00e9 c\u00f4t\u00e9 mode! Il y a 3 ans (d\u00e9j\u00e0?!), je vous pr\u00e9sentais un sac que j&rsquo;avais achet\u00e9 pour accrocher au fauteuil. Aujourd&rsquo;hui, je vous pr\u00e9sente un sac fait sur &hellip; <a href=\"https:\/\/blog-enrouelibre.fr\/?p=897\">Continuer la lecture <span class=\"meta-nav\">&rarr;<\/span><\/a><\/p>\n","protected":false},"author":1,"featured_media":0,"comment_status":"open","ping_status":"open","sticky":false,"template":"","format":"standard","meta":{"_exactmetrics_skip_tracking":false,"_exactmetrics_sitenote_active":false,"_exactmetrics_sitenote_note":"","_exactmetrics_sitenote_category":0,"_uf_show_specific_survey":0,"_uf_disable_surveys":false,"footnotes":""},"categories":[3,8],"tags":[150],"aioseo_notices":[],"yoast_head":"<!-- This site is optimized with the Yoast SEO plugin v22.7 - https:\/\/yoast.com\/wordpress\/plugins\/seo\/ -->\n<title>Un sac sur mesure, s&#039;il vous pla\u00eet. -<\/title>\n<meta name=\"robots\" content=\"index, follow, max-snippet:-1, max-image-preview:large, max-video-preview:-1\" \/>\n<link rel=\"canonical\" href=\"https:\/\/blog-enrouelibre.fr\/?p=897\" \/>\n<meta property=\"og:locale\" content=\"fr_FR\" \/>\n<meta property=\"og:type\" content=\"article\" \/>\n<meta property=\"og:title\" content=\"Un sac sur mesure, s&#039;il vous pla\u00eet. -\" \/>\n<meta property=\"og:description\" content=\"Bonjour, Je suis d\u00e9sol\u00e9e, toujours pas d&rsquo;aventure tr\u00e9pidante, mais une petite nouveaut\u00e9 c\u00f4t\u00e9 mode! Il y a 3 ans (d\u00e9j\u00e0?!), je vous pr\u00e9sentais un sac que j&rsquo;avais achet\u00e9 pour accrocher au fauteuil. Aujourd&rsquo;hui, je vous pr\u00e9sente un sac fait sur &hellip; Continuer la lecture &rarr;\" \/>\n<meta property=\"og:url\" content=\"https:\/\/blog-enrouelibre.fr\/?p=897\" \/>\n<meta property=\"article:published_time\" content=\"2016-09-24T08:59:27+00:00\" \/>\n<meta property=\"article:modified_time\" content=\"2016-09-24T09:01:20+00:00\" \/>\n<meta property=\"og:image\" content=\"http:\/\/blog-enrouelibre.fr\/wp-content\/uploads\/2016\/09\/image1-1024x768.jpg\" \/>\n<meta name=\"author\" content=\"Emmanuelle\" \/>\n<meta name=\"twitter:card\" content=\"summary_large_image\" \/>\n<meta name=\"twitter:label1\" content=\"\u00c9crit par\" \/>\n\t<meta name=\"twitter:data1\" content=\"Emmanuelle\" \/>\n\t<meta name=\"twitter:label2\" content=\"Dur\u00e9e de lecture estim\u00e9e\" \/>\n\t<meta name=\"twitter:data2\" content=\"1 minute\" \/>\n<script type=\"application\/ld+json\" class=\"yoast-schema-graph\">{\"@context\":\"https:\/\/schema.org\",\"@graph\":[{\"@type\":\"WebPage\",\"@id\":\"https:\/\/blog-enrouelibre.fr\/?p=897\",\"url\":\"https:\/\/blog-enrouelibre.fr\/?p=897\",\"name\":\"Un sac sur mesure, s'il vous pla\u00eet. -\",\"isPartOf\":{\"@id\":\"http:\/\/blog-enrouelibre.fr\/#website\"},\"primaryImageOfPage\":{\"@id\":\"https:\/\/blog-enrouelibre.fr\/?p=897#primaryimage\"},\"image\":{\"@id\":\"https:\/\/blog-enrouelibre.fr\/?p=897#primaryimage\"},\"thumbnailUrl\":\"http:\/\/blog-enrouelibre.fr\/wp-content\/uploads\/2016\/09\/image1-1024x768.jpg\",\"datePublished\":\"2016-09-24T08:59:27+00:00\",\"dateModified\":\"2016-09-24T09:01:20+00:00\",\"author\":{\"@id\":\"http:\/\/blog-enrouelibre.fr\/#\/schema\/person\/479c0558757f99ea166004eb4a192e88\"},\"breadcrumb\":{\"@id\":\"https:\/\/blog-enrouelibre.fr\/?p=897#breadcrumb\"},\"inLanguage\":\"fr-FR\",\"potentialAction\":[{\"@type\":\"ReadAction\",\"target\":[\"https:\/\/blog-enrouelibre.fr\/?p=897\"]}]},{\"@type\":\"ImageObject\",\"inLanguage\":\"fr-FR\",\"@id\":\"https:\/\/blog-enrouelibre.fr\/?p=897#primaryimage\",\"url\":\"http:\/\/blog-enrouelibre.fr\/wp-content\/uploads\/2016\/09\/image1-1024x768.jpg\",\"contentUrl\":\"http:\/\/blog-enrouelibre.fr\/wp-content\/uploads\/2016\/09\/image1-1024x768.jpg\"},{\"@type\":\"BreadcrumbList\",\"@id\":\"https:\/\/blog-enrouelibre.fr\/?p=897#breadcrumb\",\"itemListElement\":[{\"@type\":\"ListItem\",\"position\":1,\"name\":\"Accueil\",\"item\":\"http:\/\/blog-enrouelibre.fr\/\"},{\"@type\":\"ListItem\",\"position\":2,\"name\":\"Un sac sur mesure, s&rsquo;il vous pla\u00eet.\"}]},{\"@type\":\"WebSite\",\"@id\":\"http:\/\/blog-enrouelibre.fr\/#website\",\"url\":\"http:\/\/blog-enrouelibre.fr\/\",\"name\":\"\",\"description\":\"\",\"potentialAction\":[{\"@type\":\"SearchAction\",\"target\":{\"@type\":\"EntryPoint\",\"urlTemplate\":\"http:\/\/blog-enrouelibre.fr\/?s={search_term_string}\"},\"query-input\":\"required name=search_term_string\"}],\"inLanguage\":\"fr-FR\"},{\"@type\":\"Person\",\"@id\":\"http:\/\/blog-enrouelibre.fr\/#\/schema\/person\/479c0558757f99ea166004eb4a192e88\",\"name\":\"Emmanuelle\",\"image\":{\"@type\":\"ImageObject\",\"inLanguage\":\"fr-FR\",\"@id\":\"http:\/\/blog-enrouelibre.fr\/#\/schema\/person\/image\/\",\"url\":\"https:\/\/secure.gravatar.com\/avatar\/d0126598ce98342c32226c69e696e3fa?s=96&d=mm&r=g\",\"contentUrl\":\"https:\/\/secure.gravatar.com\/avatar\/d0126598ce98342c32226c69e696e3fa?s=96&d=mm&r=g\",\"caption\":\"Emmanuelle\"},\"url\":\"https:\/\/blog-enrouelibre.fr\/?author=1\"}]}<\/script>\n<!-- \/ Yoast SEO plugin. -->","yoast_head_json":{"title":"Un sac sur mesure, s'il vous pla\u00eet. -","robots":{"index":"index","follow":"follow","max-snippet":"max-snippet:-1","max-image-preview":"max-image-preview:large","max-video-preview":"max-video-preview:-1"},"canonical":"https:\/\/blog-enrouelibre.fr\/?p=897","og_locale":"fr_FR","og_type":"article","og_title":"Un sac sur mesure, s'il vous pla\u00eet. -","og_description":"Bonjour, Je suis d\u00e9sol\u00e9e, toujours pas d&rsquo;aventure tr\u00e9pidante, mais une petite nouveaut\u00e9 c\u00f4t\u00e9 mode! Il y a 3 ans (d\u00e9j\u00e0?!), je vous pr\u00e9sentais un sac que j&rsquo;avais achet\u00e9 pour accrocher au fauteuil. Aujourd&rsquo;hui, je vous pr\u00e9sente un sac fait sur &hellip; Continuer la lecture &rarr;","og_url":"https:\/\/blog-enrouelibre.fr\/?p=897","article_published_time":"2016-09-24T08:59:27+00:00","article_modified_time":"2016-09-24T09:01:20+00:00","og_image":[{"url":"http:\/\/blog-enrouelibre.fr\/wp-content\/uploads\/2016\/09\/image1-1024x768.jpg"}],"author":"Emmanuelle","twitter_card":"summary_large_image","twitter_misc":{"\u00c9crit par":"Emmanuelle","Dur\u00e9e de lecture estim\u00e9e":"1 minute"},"schema":{"@context":"https:\/\/schema.org","@graph":[{"@type":"WebPage","@id":"https:\/\/blog-enrouelibre.fr\/?p=897","url":"https:\/\/blog-enrouelibre.fr\/?p=897","name":"Un sac sur mesure, s'il vous pla\u00eet. -","isPartOf":{"@id":"http:\/\/blog-enrouelibre.fr\/#website"},"primaryImageOfPage":{"@id":"https:\/\/blog-enrouelibre.fr\/?p=897#primaryimage"},"image":{"@id":"https:\/\/blog-enrouelibre.fr\/?p=897#primaryimage"},"thumbnailUrl":"http:\/\/blog-enrouelibre.fr\/wp-content\/uploads\/2016\/09\/image1-1024x768.jpg","datePublished":"2016-09-24T08:59:27+00:00","dateModified":"2016-09-24T09:01:20+00:00","author":{"@id":"http:\/\/blog-enrouelibre.fr\/#\/schema\/person\/479c0558757f99ea166004eb4a192e88"},"breadcrumb":{"@id":"https:\/\/blog-enrouelibre.fr\/?p=897#breadcrumb"},"inLanguage":"fr-FR","potentialAction":[{"@type":"ReadAction","target":["https:\/\/blog-enrouelibre.fr\/?p=897"]}]},{"@type":"ImageObject","inLanguage":"fr-FR","@id":"https:\/\/blog-enrouelibre.fr\/?p=897#primaryimage","url":"http:\/\/blog-enrouelibre.fr\/wp-content\/uploads\/2016\/09\/image1-1024x768.jpg","contentUrl":"http:\/\/blog-enrouelibre.fr\/wp-content\/uploads\/2016\/09\/image1-1024x768.jpg"},{"@type":"BreadcrumbList","@id":"https:\/\/blog-enrouelibre.fr\/?p=897#breadcrumb","itemListElement":[{"@type":"ListItem","position":1,"name":"Accueil","item":"http:\/\/blog-enrouelibre.fr\/"},{"@type":"ListItem","position":2,"name":"Un sac sur mesure, s&rsquo;il vous pla\u00eet."}]},{"@type":"WebSite","@id":"http:\/\/blog-enrouelibre.fr\/#website","url":"http:\/\/blog-enrouelibre.fr\/","name":"","description":"","potentialAction":[{"@type":"SearchAction","target":{"@type":"EntryPoint","urlTemplate":"http:\/\/blog-enrouelibre.fr\/?s={search_term_string}"},"query-input":"required name=search_term_string"}],"inLanguage":"fr-FR"},{"@type":"Person","@id":"http:\/\/blog-enrouelibre.fr\/#\/schema\/person\/479c0558757f99ea166004eb4a192e88","name":"Emmanuelle","image":{"@type":"ImageObject","inLanguage":"fr-FR","@id":"http:\/\/blog-enrouelibre.fr\/#\/schema\/person\/image\/","url":"https:\/\/secure.gravatar.com\/avatar\/d0126598ce98342c32226c69e696e3fa?s=96&d=mm&r=g","contentUrl":"https:\/\/secure.gravatar.com\/avatar\/d0126598ce98342c32226c69e696e3fa?s=96&d=mm&r=g","caption":"Emmanuelle"},"url":"https:\/\/blog-enrouelibre.fr\/?author=1"}]}},"_links":{"self":[{"href":"https:\/\/blog-enrouelibre.fr\/index.php?rest_route=\/wp\/v2\/posts\/897"}],"collection":[{"href":"https:\/\/blog-enrouelibre.fr\/index.php?rest_route=\/wp\/v2\/posts"}],"about":[{"href":"https:\/\/blog-enrouelibre.fr\/index.php?rest_route=\/wp\/v2\/types\/post"}],"author":[{"embeddable":true,"href":"https:\/\/blog-enrouelibre.fr\/index.php?rest_route=\/wp\/v2\/users\/1"}],"replies":[{"embeddable":true,"href":"https:\/\/blog-enrouelibre.fr\/index.php?rest_route=%2Fwp%2Fv2%2Fcomments&post=897"}],"version-history":[{"count":3,"href":"https:\/\/blog-enrouelibre.fr\/index.php?rest_route=\/wp\/v2\/posts\/897\/revisions"}],"predecessor-version":[{"id":903,"href":"https:\/\/blog-enrouelibre.fr\/index.php?rest_route=\/wp\/v2\/posts\/897\/revisions\/903"}],"wp:attachment":[{"href":"https:\/\/blog-enrouelibre.fr\/index.php?rest_route=%2Fwp%2Fv2%2Fmedia&parent=897"}],"wp:term":[{"taxonomy":"category","embeddable":true,"href":"https:\/\/blog-enrouelibre.fr\/index.php?rest_route=%2Fwp%2Fv2%2Fcategories&post=897"},{"taxonomy":"post_tag","embeddable":true,"href":"https:\/\/blog-enrouelibre.fr\/index.php?rest_route=%2Fwp%2Fv2%2Ftags&post=897"}],"curies":[{"name":"wp","href":"https:\/\/api.w.org\/{rel}","templated":true}]}}