{"id":935,"date":"2017-07-24T14:53:30","date_gmt":"2017-07-24T12:53:30","guid":{"rendered":"http:\/\/blog-enrouelibre.fr\/?p=935"},"modified":"2017-09-12T16:43:39","modified_gmt":"2017-09-12T14:43:39","slug":"exasperee-ou-desesperee-journal-de-bord","status":"publish","type":"post","link":"https:\/\/blog-enrouelibre.fr\/?p=935","title":{"rendered":"Exasp\u00e9r\u00e9e ou d\u00e9sesp\u00e9r\u00e9e? Journal de bord"},"content":{"rendered":"<p>Bonjour<\/p>\n<p>Je vais participer \u00e0 une conf\u00e9rence europ\u00e9enne (<a href=\"http:\/\/ecem2017.uni-wuppertal.de\">The 19th European Conference on Eye Movements<\/a>) \u00e0 Wuppertal, en Allemagne, du 19 au 24 ao\u00fbt. L&rsquo;organisation pour pouvoir y participer est laborieuse. Aujourd&rsquo;hui une goutte fait d\u00e9border le vase donc j&rsquo;ai d\u00e9cid\u00e9 de vous confier les joies de l&rsquo;organisation via un journal de bord tout d&rsquo;abord ant\u00e9dat\u00e9 puis qui sera en direct.<\/p>\n<p>Reprenons donc tout depuis le d\u00e9but.<\/p>\n<p>En mars, ma directrice de th\u00e8se me sugg\u00e8re de soumettre un r\u00e9sum\u00e9 pour participer \u00e0 cette conf\u00e9rence. Sachant que je ne serai plus, \u00e0 l&rsquo;\u00e9poque de la conf\u00e9rence employ\u00e9e par le CNRS, je lui ai fait remarquer que ce sera compliqu\u00e9 de trouver une prise en charge financi\u00e8re pour une accompagnatrice.<\/p>\n<p><em>26 mars<\/em> : Soumission du r\u00e9sum\u00e9<\/p>\n<p><em>16 mai<\/em> : R\u00e9ponse des organisateurs<\/p>\n<div id=\"attachment_936\" style=\"width: 420px\" class=\"wp-caption aligncenter\"><img loading=\"lazy\" decoding=\"async\" aria-describedby=\"caption-attachment-936\" class=\"size-full wp-image-936\" src=\"https:\/\/blog-enrouelibre.fr\/wp-content\/uploads\/2017\/07\/reponseECEM.png\" alt=\"\" width=\"410\" height=\"220\" srcset=\"https:\/\/blog-enrouelibre.fr\/wp-content\/uploads\/2017\/07\/reponseECEM.png?v=1723622777 410w, https:\/\/blog-enrouelibre.fr\/wp-content\/uploads\/2017\/07\/reponseECEM-300x161.png?v=1723622777 300w\" sizes=\"(max-width: 410px) 100vw, 410px\" \/><p id=\"caption-attachment-936\" class=\"wp-caption-text\">Accept\u00e9e pour pr\u00e9senter un poster<\/p><\/div>\n<p><em>16 mai<\/em> : Imm\u00e9diatement apr\u00e8s avoir re\u00e7u la r\u00e9ponse, j&rsquo;ai contact\u00e9 le Service Accueil Handicap de l&rsquo;universit\u00e9. Ma mission sera compl\u00e8tement prise en charge par le laboratoire mais il va falloir trouver un financement pour l&rsquo;accompagnatrice (transport, h\u00e9bergement, salaire). Question : Comment faire?<\/p>\n<p><em>21 mai<\/em> : Aliz\u00e9e, une copine, accepte de m&rsquo;accompagner. Bonus : Elle est bilingue en Allemand ;).<\/p>\n<p><em>7 juin<\/em> : J&rsquo;entre en contacte avec le service social de l&rsquo;Universit\u00e9 Grenoble Alpes (UGA). En effet, pour que ma mission soit prise en charge, je serai sous contrat vacataire avec l&rsquo;universit\u00e9. Le Service Accueil Handicap m&rsquo;a donc conseill\u00e9 de les contacter.<\/p>\n<p><em>12 juin<\/em> : Soutenance de th\u00e8se<\/p>\n<p><em>21 juin <\/em>: L&rsquo;UGA me demande de faire un budget pr\u00e9visionnel pour l&rsquo;accompagnatrice. Je l&rsquo;estime \u00e0 1400 euros (transport, h\u00e9bergement et salaire).<\/p>\n<p><em>26 juin <\/em>: L&rsquo;UGA m&rsquo;annonce qu&rsquo;ils vont commencer \u00e0 \u00e9tudier mon dossier. Ils me demandent de rencontrer le m\u00e9decin du travail pour avoir, je cite, \u00a0\u00bb une pr\u00e9conisation qui pr\u00e9ciserait qu&rsquo;il faut dans le cadre de [mon] handicap [me] permettre la mise en place d&rsquo;un transport adapt\u00e9 dans le cadre de [mes] activit\u00e9s professionnelles et un accompagnement par un tiers dans les activit\u00e9s de la vie professionnelle\u00a0\u00bb. Il faut savoir que dans mon dossier de budget pr\u00e9visionnel, j&rsquo;avais joint ma carte d&rsquo;invalidit\u00e9 \u00ab\u00a080% et +\u00a0\u00bb avec la mention \u00ab\u00a0Besoin d&rsquo;Accompagnement\u00a0\u00bb. Carte super officielle pour laquelle il faut remplir le c\u00e9l\u00e8bre dossier MDPH avec un certificat m\u00e9dical de 4 pages rempli par un m\u00e9decin qui me conna\u00eet depuis longtemps. Mais bon, je vais donc m&rsquo;atteler \u00e0 avoir un RDV avec un m\u00e9decin de travail (avant le 3 juillet, mon d\u00e9part en vacances bien m\u00e9rit\u00e9es)<\/p>\n<p><em>27 juin <\/em>: 9h, je vais au centre de sant\u00e9 universitaire pour avoir ce fameux rdv. Il s&rsquo;av\u00e8re que je me suis tromp\u00e9e d&rsquo;endroit, ce n&rsquo;est pas la m\u00e9decine du travail. Mais l&rsquo;infirmi\u00e8re, gentiment, leur t\u00e9l\u00e9phone. Manque de bol, la secr\u00e9taire de la m\u00e9decine du travail, n&rsquo;\u00e9tant pas l\u00e0, les m\u00e9decins ne peuvent pas me donner de RDV&#8230;<\/p>\n<p><em>28 juin<\/em> : Cette fois-ci, je me rends au bon endroit. A mon immense \u00e9tonnement\/effroi, les locaux de la m\u00e9decine du travail ne sont pas accessibles (Situation temporaire pour 1 \u00e0 2 ans)! Mais j&rsquo;arrive \u00e0 discuter, dehors, avec l&rsquo;infirmi\u00e8re, la m\u00e9decin et la secr\u00e9taire. Elles d\u00e9placent un RDV pour le 30 juin. J&rsquo;apporterai ma rampe perso.<\/p>\n<p><em>30 juin<\/em> : J&rsquo;installe ma rampe sur le fauteuil, je traverse le campus, j&rsquo;attends 1h et j&rsquo;ai enfin ce certificat !<\/p>\n<p><em>10 juillet<\/em> : L&rsquo;UGA m&rsquo;annonce qu&rsquo;ils acceptent d&#8217;embaucher Aliz\u00e9e en vacataire afin de prendre en charge sa mission.<\/p>\n<p><em>11 juillet <\/em>: Avec le service financier du labo, on commence \u00e0 parlementer avec l&rsquo;agence de voyage pour r\u00e9server un A\/R en avion Lyon-Dusseldorf! Challenge! Ils veulent les dimensions du fauteuils et le type de batteries. Je dois aussi remplir un questionnaire :<\/p>\n<blockquote><p>-Type de handicap: moteur, ne peut pas marcher<\/p>\n<p>-Passager autonome: besoin d&rsquo;aide pour les transfert<\/p>\n<p>-Fauteuil roulant pliable: oui<\/p>\n<p>-Fauteuil roulant munit d&rsquo;une batterie: oui \u00e0 gel<\/p>\n<p>-Passager ne peut monter et descendre de l&rsquo;appareil<\/p>\n<p>-Dimension du fauteuil roulant:<\/p>\n<p>Longueur: 100cm -Largeur: 65cm -Hauteur: 105cm<\/p>\n<p>Le client souhaite une prise en charge \u00e0 l&rsquo;a\u00e9roport et de l&rsquo;aide \u00e0 l&#8217;embarquement.<\/p><\/blockquote>\n<p><em>13 juillet\u00a0<\/em>: Apr\u00e8s de nombres \u00e9changes de mails, le labo obtient enfin un devis.<br \/>\nIl va falloir \u00eatre \u00e0 l&rsquo;a\u00e9roport Lyon Saint Exup\u00e9ry \u00e0 6h. On pense faire Grenoble-A\u00e9roport par une navette Ouibus qui est accessible si on leur t\u00e9l\u00e9phone au moins 36h avant. Probl\u00e8me : \u00e0 4h, il n&rsquo;y a pas encore de tram de mon domicile \u00e0 la gare routi\u00e8re.<\/p>\n<p><em>16 juillet<\/em> : J&rsquo;\u00e9cris donc au labo et \u00e0 l&rsquo;UGA pour demander si un taxi serait pris en charge pour aller \u00e0 la gare routi\u00e8re.<\/p>\n<p><em>19 juillet<\/em> : Le labo me transmet les \u00ab\u00a0consignes\u00a0\u00bb de la compagnie a\u00e9rienne :<img loading=\"lazy\" decoding=\"async\" class=\"aligncenter size-full wp-image-937\" src=\"https:\/\/blog-enrouelibre.fr\/wp-content\/uploads\/2017\/07\/eurowings.png\" alt=\"\" width=\"670\" height=\"494\" srcset=\"https:\/\/blog-enrouelibre.fr\/wp-content\/uploads\/2017\/07\/eurowings.png?v=1723622776 670w, https:\/\/blog-enrouelibre.fr\/wp-content\/uploads\/2017\/07\/eurowings-300x221.png?v=1723622776 300w\" sizes=\"(max-width: 670px) 100vw, 670px\" \/> Il faut vraiment m&rsquo;expliquer comment je suis cens\u00e9e arriver et repartir de l&rsquo;a\u00e9roport avec les batteries du fauteuil d\u00e9charg\u00e9es. Elles ne le seront pas. Elles seront donc d\u00e9connect\u00e9es, isol\u00e9es et attach\u00e9es (heureusement que je serai accompagn\u00e9e)!<\/p>\n<p>Le m\u00eame jour j&rsquo;apprends que l&rsquo;UGA n&rsquo;arrive pas \u00e0 obtenir des devis de taxis PMR car c&rsquo;est un horaire de nuit&#8230; Seule solution, dormir la veille \u00e0 Lyon.<\/p>\n<p><em>20 juillet<\/em> : Les organisateurs de la conf\u00e9rence nous \u00e9crivent que la ligne de train (qui est accessible) Dusseld\u00f6rf-Wuppertal sera en travaux. Ils mettent en place une navette sp\u00e9ciale. Je leur ai demand\u00e9 si la navette sera accessible.<\/p>\n<p><em>24 juillet<\/em> : A Lyon St Exup\u00e9ry, les navettes gratuites entre l&rsquo;h\u00f4tel, la gare routi\u00e8re et l&rsquo;a\u00e9roport ne sont pas accessibles (c&rsquo;est la goutte en trop).<\/p>\n<p>Donc pour l&rsquo;instant : je n&rsquo;ai plus d&rsquo;id\u00e9e de transport de Grenoble \u00e0 l&rsquo;a\u00e9roport de Lyon et je ne sais pas comment je ferai Dusseld\u00f6rf-Wuppertal, les organisateurs ne m&rsquo;ayant toujours pas r\u00e9pondu. Exasp\u00e9r\u00e9e ou d\u00e9sesp\u00e9r\u00e9e, mon coeur balance!<\/p>\n<p><em>25 juillet<\/em> : Confirmation de l&rsquo;a\u00e9roport de Lyon : il n&rsquo;y a pas de navette entre l&rsquo;a\u00e9roport et les h\u00f4tels aux alentours. Ils me sugg\u00e8rent de prendre l&rsquo;h\u00f4tel **** (avec le prix correspondant au nombre d&rsquo;\u00e9toiles) qui est \u00e0 l&rsquo;int\u00e9rieur de l&rsquo;a\u00e9roport.. J&rsquo;ai demand\u00e9 un devis \u00e0 une compagnie de taxis lyonnaise.<br \/>\nQuant aux organisateurs allemands, ils m&rsquo;ont envoy\u00e9 un email tr\u00e8s sympa<\/p>\n<blockquote><p>\u00ab\u00a0Unfortunately the shuttle bus will be not accessible.<br \/>\nBut we are sure that we will find another solution for you and are currently searching for other ways for your transport.We will contact you as soon as possible.\u00a0\u00bb<\/p>\n<p>(Malheureuseument, notre navette ne sera pas accessible. Mais nous sommes s\u00fbrs que nous trouverons une autre solution pour votre transport et nous sommes entrain de chercher d&rsquo;autres moyens de transports. Nous vous contacterons le plus vite possible.)<\/p><\/blockquote>\n<p><em>26 juillet<\/em> : Les organisateurs me proposent de m&rsquo;accueillir \u00e0 l&rsquo;a\u00e9roport de Dusseld\u00f6rf pour \u00eatre s\u00fbrs que j&rsquo;arriverai \u00e0 bon port \u00e0 Wuppertal.<\/p>\n<p>14 ao\u00fbt : D\u00e9but ao\u00fbt, ne trouvant pas de moyen de transport accessible entre l&rsquo;h\u00f4tel de l&rsquo;a\u00e9roport et l&rsquo;a\u00e9roport (la compagnie de taxi G7 ne proposerait des taxis PMR qu&rsquo;\u00e0 Paris), nous avons chang\u00e9 d&rsquo;avis : je partirai de chez moi le jour m\u00eame et j&rsquo;irai jusqu&rsquo;\u00e0 la gare de Grenoble en taxi.<br \/>\nAujourd&rsquo;hui, Aliz\u00e9e a voulu r\u00e9serv\u00e9 la navette Ouibus. Sur le site, il est indiqu\u00e9 ceci :<\/p>\n<p><img loading=\"lazy\" decoding=\"async\" class=\"aligncenter size-full wp-image-970\" src=\"https:\/\/blog-enrouelibre.fr\/wp-content\/uploads\/2017\/07\/ouibus.png\" alt=\"\" width=\"660\" height=\"621\" srcset=\"https:\/\/blog-enrouelibre.fr\/wp-content\/uploads\/2017\/07\/ouibus.png?v=1723622768 660w, https:\/\/blog-enrouelibre.fr\/wp-content\/uploads\/2017\/07\/ouibus-300x282.png?v=1723622768 300w\" sizes=\"(max-width: 660px) 100vw, 660px\" \/><\/p>\n<p>Et \u00e0 notre grande stupeur, au t\u00e9l\u00e9phone, personne n&rsquo;a \u00e9t\u00e9 capable de nous assurer que la navette sera accessible. Ils doivent nous appeler dans \u00ab\u00a0les plus brefs d\u00e9lais\u00a0\u00bb&#8230; Donc ce soir, je ne peux pas garantir que je ferai mon voyage samedi&#8230;<\/p>\n<p><span style=\"color: #ff0000;\">%% MISE A JOUR%%<\/span><\/p>\n<p>16 ao\u00fbt : Apr\u00e8s 7 appels t\u00e9l\u00e9phoniques et un email \u00e0 la direction de la SNCF, nous avons enfin la confirmation que la navette sera accessible.<br \/>\nQuant aux organisateurs, ils m&rsquo;ont r\u00e9serv\u00e9 un taxi pour faire Dusseld\u00f6rf-Wuppertal.<br \/>\nAinsi, le prochain article sera sans doute post\u00e9 d&rsquo;Allemagne ;).<\/p>\n<p style=\"text-align: center;\"><strong>OUF!<\/strong><\/p>\n<p>&nbsp;<\/p>\n<p>&nbsp;<\/p>\n\n<!-- Facebook Like Button v1.9.6 BEGIN [http:\/\/blog.bottomlessinc.com] -->\n<iframe src=\"http:\/\/www.facebook.com\/plugins\/like.php?href=https%3A%2F%2Fblog-enrouelibre.fr%2F%3Fp%3D935&amp;layout=standard&amp;show_faces=false&amp;width=450&amp;action=like&amp;colorscheme=light\" scrolling=\"no\" frameborder=\"0\" allowTransparency=\"true\" style=\"border:none; overflow:hidden; width:450px; height: 30px; align: left; margin: 2px 0px 2px 0px\"><\/iframe>\n<!-- Facebook Like Button END -->\n","protected":false},"excerpt":{"rendered":"<p>Bonjour Je vais participer \u00e0 une conf\u00e9rence europ\u00e9enne (The 19th European Conference on Eye Movements) \u00e0 Wuppertal, en Allemagne, du 19 au 24 ao\u00fbt. L&rsquo;organisation pour pouvoir y participer est laborieuse. Aujourd&rsquo;hui une goutte fait d\u00e9border le vase donc j&rsquo;ai &hellip; <a href=\"https:\/\/blog-enrouelibre.fr\/?p=935\">Continuer la lecture <span class=\"meta-nav\">&rarr;<\/span><\/a><\/p>\n","protected":false},"author":1,"featured_media":0,"comment_status":"open","ping_status":"open","sticky":false,"template":"","format":"standard","meta":{"_exactmetrics_skip_tracking":false,"_exactmetrics_sitenote_active":false,"_exactmetrics_sitenote_note":"","_exactmetrics_sitenote_category":0,"_uf_show_specific_survey":0,"_uf_disable_surveys":false,"footnotes":""},"categories":[18,30,17],"tags":[],"aioseo_notices":[],"yoast_head":"<!-- This site is optimized with the Yoast SEO plugin v22.7 - https:\/\/yoast.com\/wordpress\/plugins\/seo\/ -->\n<title>Exasp\u00e9r\u00e9e ou d\u00e9sesp\u00e9r\u00e9e? Journal de bord -<\/title>\n<meta name=\"robots\" content=\"index, follow, max-snippet:-1, max-image-preview:large, max-video-preview:-1\" \/>\n<link rel=\"canonical\" href=\"https:\/\/blog-enrouelibre.fr\/?p=935\" \/>\n<meta property=\"og:locale\" content=\"fr_FR\" \/>\n<meta property=\"og:type\" content=\"article\" \/>\n<meta property=\"og:title\" content=\"Exasp\u00e9r\u00e9e ou d\u00e9sesp\u00e9r\u00e9e? Journal de bord -\" \/>\n<meta property=\"og:description\" content=\"Bonjour Je vais participer \u00e0 une conf\u00e9rence europ\u00e9enne (The 19th European Conference on Eye Movements) \u00e0 Wuppertal, en Allemagne, du 19 au 24 ao\u00fbt. L&rsquo;organisation pour pouvoir y participer est laborieuse. Aujourd&rsquo;hui une goutte fait d\u00e9border le vase donc j&rsquo;ai &hellip; Continuer la lecture &rarr;\" \/>\n<meta property=\"og:url\" content=\"https:\/\/blog-enrouelibre.fr\/?p=935\" \/>\n<meta property=\"article:published_time\" content=\"2017-07-24T12:53:30+00:00\" \/>\n<meta property=\"article:modified_time\" content=\"2017-09-12T14:43:39+00:00\" \/>\n<meta property=\"og:image\" content=\"http:\/\/blog-enrouelibre.fr\/wp-content\/uploads\/2017\/07\/reponseECEM.png\" \/>\n<meta name=\"author\" content=\"Emmanuelle\" \/>\n<meta name=\"twitter:card\" content=\"summary_large_image\" \/>\n<meta name=\"twitter:label1\" content=\"\u00c9crit par\" \/>\n\t<meta name=\"twitter:data1\" content=\"Emmanuelle\" \/>\n\t<meta name=\"twitter:label2\" content=\"Dur\u00e9e de lecture estim\u00e9e\" \/>\n\t<meta name=\"twitter:data2\" content=\"6 minutes\" \/>\n<script type=\"application\/ld+json\" class=\"yoast-schema-graph\">{\"@context\":\"https:\/\/schema.org\",\"@graph\":[{\"@type\":\"WebPage\",\"@id\":\"https:\/\/blog-enrouelibre.fr\/?p=935\",\"url\":\"https:\/\/blog-enrouelibre.fr\/?p=935\",\"name\":\"Exasp\u00e9r\u00e9e ou d\u00e9sesp\u00e9r\u00e9e? Journal de bord -\",\"isPartOf\":{\"@id\":\"http:\/\/blog-enrouelibre.fr\/#website\"},\"primaryImageOfPage\":{\"@id\":\"https:\/\/blog-enrouelibre.fr\/?p=935#primaryimage\"},\"image\":{\"@id\":\"https:\/\/blog-enrouelibre.fr\/?p=935#primaryimage\"},\"thumbnailUrl\":\"http:\/\/blog-enrouelibre.fr\/wp-content\/uploads\/2017\/07\/reponseECEM.png\",\"datePublished\":\"2017-07-24T12:53:30+00:00\",\"dateModified\":\"2017-09-12T14:43:39+00:00\",\"author\":{\"@id\":\"http:\/\/blog-enrouelibre.fr\/#\/schema\/person\/479c0558757f99ea166004eb4a192e88\"},\"breadcrumb\":{\"@id\":\"https:\/\/blog-enrouelibre.fr\/?p=935#breadcrumb\"},\"inLanguage\":\"fr-FR\",\"potentialAction\":[{\"@type\":\"ReadAction\",\"target\":[\"https:\/\/blog-enrouelibre.fr\/?p=935\"]}]},{\"@type\":\"ImageObject\",\"inLanguage\":\"fr-FR\",\"@id\":\"https:\/\/blog-enrouelibre.fr\/?p=935#primaryimage\",\"url\":\"http:\/\/blog-enrouelibre.fr\/wp-content\/uploads\/2017\/07\/reponseECEM.png\",\"contentUrl\":\"http:\/\/blog-enrouelibre.fr\/wp-content\/uploads\/2017\/07\/reponseECEM.png\"},{\"@type\":\"BreadcrumbList\",\"@id\":\"https:\/\/blog-enrouelibre.fr\/?p=935#breadcrumb\",\"itemListElement\":[{\"@type\":\"ListItem\",\"position\":1,\"name\":\"Accueil\",\"item\":\"http:\/\/blog-enrouelibre.fr\/\"},{\"@type\":\"ListItem\",\"position\":2,\"name\":\"Exasp\u00e9r\u00e9e ou d\u00e9sesp\u00e9r\u00e9e? Journal de bord\"}]},{\"@type\":\"WebSite\",\"@id\":\"http:\/\/blog-enrouelibre.fr\/#website\",\"url\":\"http:\/\/blog-enrouelibre.fr\/\",\"name\":\"\",\"description\":\"\",\"potentialAction\":[{\"@type\":\"SearchAction\",\"target\":{\"@type\":\"EntryPoint\",\"urlTemplate\":\"http:\/\/blog-enrouelibre.fr\/?s={search_term_string}\"},\"query-input\":\"required name=search_term_string\"}],\"inLanguage\":\"fr-FR\"},{\"@type\":\"Person\",\"@id\":\"http:\/\/blog-enrouelibre.fr\/#\/schema\/person\/479c0558757f99ea166004eb4a192e88\",\"name\":\"Emmanuelle\",\"image\":{\"@type\":\"ImageObject\",\"inLanguage\":\"fr-FR\",\"@id\":\"http:\/\/blog-enrouelibre.fr\/#\/schema\/person\/image\/\",\"url\":\"https:\/\/secure.gravatar.com\/avatar\/d0126598ce98342c32226c69e696e3fa?s=96&d=mm&r=g\",\"contentUrl\":\"https:\/\/secure.gravatar.com\/avatar\/d0126598ce98342c32226c69e696e3fa?s=96&d=mm&r=g\",\"caption\":\"Emmanuelle\"},\"url\":\"https:\/\/blog-enrouelibre.fr\/?author=1\"}]}<\/script>\n<!-- \/ Yoast SEO plugin. -->","yoast_head_json":{"title":"Exasp\u00e9r\u00e9e ou d\u00e9sesp\u00e9r\u00e9e? Journal de bord -","robots":{"index":"index","follow":"follow","max-snippet":"max-snippet:-1","max-image-preview":"max-image-preview:large","max-video-preview":"max-video-preview:-1"},"canonical":"https:\/\/blog-enrouelibre.fr\/?p=935","og_locale":"fr_FR","og_type":"article","og_title":"Exasp\u00e9r\u00e9e ou d\u00e9sesp\u00e9r\u00e9e? Journal de bord -","og_description":"Bonjour Je vais participer \u00e0 une conf\u00e9rence europ\u00e9enne (The 19th European Conference on Eye Movements) \u00e0 Wuppertal, en Allemagne, du 19 au 24 ao\u00fbt. L&rsquo;organisation pour pouvoir y participer est laborieuse. Aujourd&rsquo;hui une goutte fait d\u00e9border le vase donc j&rsquo;ai &hellip; Continuer la lecture &rarr;","og_url":"https:\/\/blog-enrouelibre.fr\/?p=935","article_published_time":"2017-07-24T12:53:30+00:00","article_modified_time":"2017-09-12T14:43:39+00:00","og_image":[{"url":"http:\/\/blog-enrouelibre.fr\/wp-content\/uploads\/2017\/07\/reponseECEM.png"}],"author":"Emmanuelle","twitter_card":"summary_large_image","twitter_misc":{"\u00c9crit par":"Emmanuelle","Dur\u00e9e de lecture estim\u00e9e":"6 minutes"},"schema":{"@context":"https:\/\/schema.org","@graph":[{"@type":"WebPage","@id":"https:\/\/blog-enrouelibre.fr\/?p=935","url":"https:\/\/blog-enrouelibre.fr\/?p=935","name":"Exasp\u00e9r\u00e9e ou d\u00e9sesp\u00e9r\u00e9e? Journal de bord -","isPartOf":{"@id":"http:\/\/blog-enrouelibre.fr\/#website"},"primaryImageOfPage":{"@id":"https:\/\/blog-enrouelibre.fr\/?p=935#primaryimage"},"image":{"@id":"https:\/\/blog-enrouelibre.fr\/?p=935#primaryimage"},"thumbnailUrl":"http:\/\/blog-enrouelibre.fr\/wp-content\/uploads\/2017\/07\/reponseECEM.png","datePublished":"2017-07-24T12:53:30+00:00","dateModified":"2017-09-12T14:43:39+00:00","author":{"@id":"http:\/\/blog-enrouelibre.fr\/#\/schema\/person\/479c0558757f99ea166004eb4a192e88"},"breadcrumb":{"@id":"https:\/\/blog-enrouelibre.fr\/?p=935#breadcrumb"},"inLanguage":"fr-FR","potentialAction":[{"@type":"ReadAction","target":["https:\/\/blog-enrouelibre.fr\/?p=935"]}]},{"@type":"ImageObject","inLanguage":"fr-FR","@id":"https:\/\/blog-enrouelibre.fr\/?p=935#primaryimage","url":"http:\/\/blog-enrouelibre.fr\/wp-content\/uploads\/2017\/07\/reponseECEM.png","contentUrl":"http:\/\/blog-enrouelibre.fr\/wp-content\/uploads\/2017\/07\/reponseECEM.png"},{"@type":"BreadcrumbList","@id":"https:\/\/blog-enrouelibre.fr\/?p=935#breadcrumb","itemListElement":[{"@type":"ListItem","position":1,"name":"Accueil","item":"http:\/\/blog-enrouelibre.fr\/"},{"@type":"ListItem","position":2,"name":"Exasp\u00e9r\u00e9e ou d\u00e9sesp\u00e9r\u00e9e? Journal de bord"}]},{"@type":"WebSite","@id":"http:\/\/blog-enrouelibre.fr\/#website","url":"http:\/\/blog-enrouelibre.fr\/","name":"","description":"","potentialAction":[{"@type":"SearchAction","target":{"@type":"EntryPoint","urlTemplate":"http:\/\/blog-enrouelibre.fr\/?s={search_term_string}"},"query-input":"required name=search_term_string"}],"inLanguage":"fr-FR"},{"@type":"Person","@id":"http:\/\/blog-enrouelibre.fr\/#\/schema\/person\/479c0558757f99ea166004eb4a192e88","name":"Emmanuelle","image":{"@type":"ImageObject","inLanguage":"fr-FR","@id":"http:\/\/blog-enrouelibre.fr\/#\/schema\/person\/image\/","url":"https:\/\/secure.gravatar.com\/avatar\/d0126598ce98342c32226c69e696e3fa?s=96&d=mm&r=g","contentUrl":"https:\/\/secure.gravatar.com\/avatar\/d0126598ce98342c32226c69e696e3fa?s=96&d=mm&r=g","caption":"Emmanuelle"},"url":"https:\/\/blog-enrouelibre.fr\/?author=1"}]}},"_links":{"self":[{"href":"https:\/\/blog-enrouelibre.fr\/index.php?rest_route=\/wp\/v2\/posts\/935"}],"collection":[{"href":"https:\/\/blog-enrouelibre.fr\/index.php?rest_route=\/wp\/v2\/posts"}],"about":[{"href":"https:\/\/blog-enrouelibre.fr\/index.php?rest_route=\/wp\/v2\/types\/post"}],"author":[{"embeddable":true,"href":"https:\/\/blog-enrouelibre.fr\/index.php?rest_route=\/wp\/v2\/users\/1"}],"replies":[{"embeddable":true,"href":"https:\/\/blog-enrouelibre.fr\/index.php?rest_route=%2Fwp%2Fv2%2Fcomments&post=935"}],"version-history":[{"count":11,"href":"https:\/\/blog-enrouelibre.fr\/index.php?rest_route=\/wp\/v2\/posts\/935\/revisions"}],"predecessor-version":[{"id":972,"href":"https:\/\/blog-enrouelibre.fr\/index.php?rest_route=\/wp\/v2\/posts\/935\/revisions\/972"}],"wp:attachment":[{"href":"https:\/\/blog-enrouelibre.fr\/index.php?rest_route=%2Fwp%2Fv2%2Fmedia&parent=935"}],"wp:term":[{"taxonomy":"category","embeddable":true,"href":"https:\/\/blog-enrouelibre.fr\/index.php?rest_route=%2Fwp%2Fv2%2Fcategories&post=935"},{"taxonomy":"post_tag","embeddable":true,"href":"https:\/\/blog-enrouelibre.fr\/index.php?rest_route=%2Fwp%2Fv2%2Ftags&post=935"}],"curies":[{"name":"wp","href":"https:\/\/api.w.org\/{rel}","templated":true}]}}